{"id":1086,"date":"2023-06-02T22:32:36","date_gmt":"2023-06-03T01:32:36","guid":{"rendered":"https:\/\/rafaeladigital.com\/noticias\/?p=1086"},"modified":"2023-06-02T22:32:40","modified_gmt":"2023-06-03T01:32:40","slug":"denunciaron-a-marley-por-presunto-abuso","status":"publish","type":"post","link":"https:\/\/rafaeladigital.com\/noticias\/denunciaron-a-marley-por-presunto-abuso\/","title":{"rendered":"Denunciaron a Marley por presunto abuso"},"content":{"rendered":"\n<p>En las \u00faltimas horas se ha dado a conocer que Alejandro Wiebe, conocido como Marley, ha sido denunciado ante la Justicia de Misiones por presunto abuso. Esta denuncia surge en el contexto de la causa de Marcelo Corazza, donde un hombre ha asegurado que el conductor mantuvo relaciones sexuales con menores de edad.<\/p>\n\n\n\n<p>El denunciante, residente de Ober\u00e1, ha decidido por el momento mantener su identidad en secreto. Sin embargo, en una entrevista en el programa Cr\u00f3nica TV, brind\u00f3 detalles sobre su experiencia con Marley. Posteriormente, los medios de comunicaci\u00f3n intentaron investigar y recopilar m\u00e1s informaci\u00f3n al respecto.<\/p>\n\n\n\n<h2 class=\"wp-block-heading\">Testimonio en Cr\u00f3nica TV<\/h2>\n\n\n\n<p>Durante su testimonio en Cr\u00f3nica TV, el denunciante revel\u00f3 que en el pasado era menor de edad y que estuvo acompa\u00f1ado por otros dos amigos cuando tuvo encuentros con el conductor de Telefe. Seg\u00fan sus palabras, Marley expres\u00f3 su deseo de tener relaciones sexuales con tres j\u00f3venes. Adem\u00e1s, el denunciante manifest\u00f3 su preocupaci\u00f3n por su seguridad y la de su familia, ya que considera que estas personas poseen un gran poder oscuro que podr\u00eda causarle da\u00f1o.<\/p>\n\n\n\n<p>El denunciante mencion\u00f3 que los encuentros se llevaron a cabo en dos lugares diferentes: una quinta en Exaltaci\u00f3n de la Cruz y en Pilar. Aunque en un principio se dudaba sobre la credibilidad de su testimonio debido a la falta de una denuncia policial, horas m\u00e1s tarde la denuncia formal fue presentada ante la justicia.<\/p>\n\n\n\n<p>El periodista \u00c1ngel de Brito se encarg\u00f3 de difundir por Twitter la denuncia formal realizada por el denunciante, quien prefiri\u00f3 mantener su identidad en reserva. En la denuncia se hace menci\u00f3n a la presencia de varios menores de edad en el lugar, sin conocerse su identidad, pero el denunciante afirma que por su aspecto eran ni\u00f1os. Se acusa a las figuras medi\u00e1ticas mencionadas de mantener relaciones sexuales expl\u00edcitas con los menores, aunque no se proporcionan mayores detalles.<\/p>\n\n\n\n<figure class=\"wp-block-embed is-type-video is-provider-youtube wp-block-embed-youtube wp-embed-aspect-16-9 wp-has-aspect-ratio\"><div class=\"wp-block-embed__wrapper\">\n<iframe title=\"Causa Corazza: v\u00edctima de explotaci\u00f3n sexual infantil rompi\u00f3 el silencio en Cr\u00f3nica HD\" width=\"640\" height=\"360\" data-src=\"https:\/\/www.youtube.com\/embed\/EYk-gG2iU7c?feature=oembed\" frameborder=\"0\" allow=\"accelerometer; autoplay; clipboard-write; encrypted-media; gyroscope; picture-in-picture; web-share\" referrerpolicy=\"strict-origin-when-cross-origin\" allowfullscreen src=\"data:image\/svg+xml;base64,PHN2ZyB3aWR0aD0iMSIgaGVpZ2h0PSIxIiB4bWxucz0iaHR0cDovL3d3dy53My5vcmcvMjAwMC9zdmciPjwvc3ZnPg==\" class=\"lazyload\" data-load-mode=\"1\"><\/iframe>\n<\/div><\/figure>\n\n\n\n<p><strong>Validaci\u00f3n de la denuncia<\/strong><\/p>\n\n\n\n<p>La denuncia formal realizada por el denunciante y difundida por \u00c1ngel de Brito ha generado un impacto significativo en la opini\u00f3n p\u00fablica. La acusaci\u00f3n contra Marley y Marcelo Corazza, quien tambi\u00e9n est\u00e1 involucrado en la causa, ha despertado un gran inter\u00e9s y preocupaci\u00f3n.<\/p>\n\n\n\n<p>Actualmente, se espera recibir directivas por parte del Juzgado de Instrucci\u00f3n en Turno, a cargo del Dr. Horacio Heriberto Alarc\u00f3n, de la Segunda Circunscripci\u00f3n Judicial de la ciudad de Ober\u00e1. Se hace constar en la denuncia que el denunciante se present\u00f3 en la Unidad Regional acompa\u00f1ado por el periodista Enrique Ortiz.<\/p>\n\n\n\n<p>Las autoridades judiciales deber\u00e1n analizar detenidamente la denuncia presentada y llevar a cabo las investigaciones correspondientes para determinar la veracidad de los hechos y establecer las responsabilidades en caso de comprobarse el presunto abuso.<\/p>\n\n\n\n<p><strong>Repercusiones y seguimiento del caso<\/strong><\/p>\n\n\n\n<p>La denuncia contra Marley ha generado un gran impacto en los medios de comunicaci\u00f3n y en la sociedad en general. Las acusaciones de abuso y explotaci\u00f3n sexual son extremadamente graves y requieren una respuesta adecuada por parte de las autoridades competentes.<\/p>\n\n\n\n<p>Es fundamental que se realice una investigaci\u00f3n exhaustiva y se respete el debido proceso para proteger tanto a la presunta v\u00edctima como a los presuntos responsables. La sociedad espera transparencia y justicia en este caso, ya que el abuso sexual contra menores es un delito que no puede ser tolerado en ninguna circunstancia.<\/p>\n\n\n\n<p>Se espera que el seguimiento del caso sea riguroso y que se brinde apoyo y protecci\u00f3n al denunciante, teniendo en cuenta la sensibilidad y la gravedad de las acusaciones realizadas. Asimismo, se espera que los medios de comunicaci\u00f3n informen de manera responsable, respetando la presunci\u00f3n de inocencia y evitando la revictimizaci\u00f3n de las personas involucradas.<\/p>\n\n\n\n<p><strong>Conclusion<\/strong><\/p>\n\n\n\n<p>La denuncia presentada contra Marley por presunto abuso ha generado conmoci\u00f3n en la sociedad. Las acusaciones son extremadamente serias y deben ser investigadas a fondo por las autoridades judiciales. Es crucial garantizar un proceso justo y transparente que permita determinar la veracidad de los hechos y, en caso de comprobarse el abuso, se apliquen las sanciones correspondientes.<\/p>\n\n\n\n<p>Es fundamental proteger a las posibles v\u00edctimas y brindarles el apoyo necesario durante todo el proceso. La lucha contra el abuso sexual, especialmente cuando involucra a menores de edad, es una responsabilidad de todos. La sociedad debe alzar la voz y exigir justicia para prevenir futuros casos y asegurar un entorno seguro para todos.<\/p>\n","protected":false},"excerpt":{"rendered":"<p>En las \u00faltimas horas se ha dado a conocer que Alejandro Wiebe, conocido como Marley,<\/p>\n","protected":false},"author":1,"featured_media":1087,"comment_status":"closed","ping_status":"closed","sticky":false,"template":"","format":"standard","meta":{"footnotes":""},"categories":[12],"tags":[],"class_list":["post-1086","post","type-post","status-publish","format-standard","has-post-thumbnail","hentry","category-entretenimiento"],"_links":{"self":[{"href":"https:\/\/rafaeladigital.com\/noticias\/wp-json\/wp\/v2\/posts\/1086","targetHints":{"allow":["GET"]}}],"collection":[{"href":"https:\/\/rafaeladigital.com\/noticias\/wp-json\/wp\/v2\/posts"}],"about":[{"href":"https:\/\/rafaeladigital.com\/noticias\/wp-json\/wp\/v2\/types\/post"}],"author":[{"embeddable":true,"href":"https:\/\/rafaeladigital.com\/noticias\/wp-json\/wp\/v2\/users\/1"}],"replies":[{"embeddable":true,"href":"https:\/\/rafaeladigital.com\/noticias\/wp-json\/wp\/v2\/comments?post=1086"}],"version-history":[{"count":1,"href":"https:\/\/rafaeladigital.com\/noticias\/wp-json\/wp\/v2\/posts\/1086\/revisions"}],"predecessor-version":[{"id":1088,"href":"https:\/\/rafaeladigital.com\/noticias\/wp-json\/wp\/v2\/posts\/1086\/revisions\/1088"}],"wp:featuredmedia":[{"embeddable":true,"href":"https:\/\/rafaeladigital.com\/noticias\/wp-json\/wp\/v2\/media\/1087"}],"wp:attachment":[{"href":"https:\/\/rafaeladigital.com\/noticias\/wp-json\/wp\/v2\/media?parent=1086"}],"wp:term":[{"taxonomy":"category","embeddable":true,"href":"https:\/\/rafaeladigital.com\/noticias\/wp-json\/wp\/v2\/categories?post=1086"},{"taxonomy":"post_tag","embeddable":true,"href":"https:\/\/rafaeladigital.com\/noticias\/wp-json\/wp\/v2\/tags?post=1086"}],"curies":[{"name":"wp","href":"https:\/\/api.w.org\/{rel}","templated":true}]}}