{"id":1100,"date":"2023-06-04T21:06:17","date_gmt":"2023-06-05T00:06:17","guid":{"rendered":"https:\/\/rafaeladigital.com\/noticias\/?p=1100"},"modified":"2023-06-04T21:07:09","modified_gmt":"2023-06-05T00:07:09","slug":"ciclismo-en-los-barrios-promoviendo-el-deporte-y-la-diversion-en-la-avenida-providentti-barrio-belgrano","status":"publish","type":"post","link":"https:\/\/rafaeladigital.com\/noticias\/ciclismo-en-los-barrios-promoviendo-el-deporte-y-la-diversion-en-la-avenida-providentti-barrio-belgrano\/","title":{"rendered":"Ciclismo en los barrios: Promoviendo el deporte y la diversi\u00f3n en la avenida Providentti, barrio Belgrano"},"content":{"rendered":"\n<p>El s\u00e1bado, en la avenida Providentti del barrio Belgrano, se llev\u00f3 a cabo un emocionante evento de ciclismo que reuni\u00f3 a m\u00e1s de 100 chicas y chicos de entre 5 y 12 a\u00f1os. Este encuentro forma parte del programa \u00abCiclismo en los barrios\u00bb, una iniciativa impulsada por el municipio local a trav\u00e9s de la Subsecretar\u00eda de Deportes y Recreaci\u00f3n, con el objetivo de fomentar el uso de la bicicleta como medio de movilidad sustentable y promover el deporte entre los m\u00e1s j\u00f3venes.<\/p>\n\n\n\n<p>El programa \u00abCiclismo en los barrios\u00bb tiene como prop\u00f3sito principal no solo incentivar el uso de la bicicleta como una alternativa de transporte amigable con el medio ambiente, sino tambi\u00e9n dar a conocer y acercar el deporte del ciclismo a la comunidad. A trav\u00e9s de estas actividades, se busca estimular la participaci\u00f3n de ni\u00f1os y ni\u00f1as, brind\u00e1ndoles la oportunidad de disfrutar del ciclismo en un entorno seguro y divertido.<\/p>\n\n\n\n<p>La jornada del pasado s\u00e1bado fue un gran \u00e9xito. El punto de encuentro y partida fue la avenida Providenti, entre Gobernador Crespo y Montes de Oca. El Club Ciclista de la ciudad colabor\u00f3 activamente con el programa, aportando su experiencia y conocimientos en la organizaci\u00f3n y log\u00edstica del evento. Los participantes, acompa\u00f1ados por sus padres y familiares, se reunieron en este lugar para dar inicio a una jornada llena de emoci\u00f3n y diversi\u00f3n sobre dos ruedas.<\/p>\n\n\n\n<p>Ignacio Podio, el subsecretario de Deportes y Recreaci\u00f3n, destac\u00f3 la importancia de este programa en el barrio Belgrano y expres\u00f3: \u00abEstamos muy contentos de estar aqu\u00ed en la avenida Providenti, de barrio Belgrano, donde se congregaron una gran cantidad de chicos y chicas. Contamos con la participaci\u00f3n de m\u00e1s de 100 entusiastas ciclistas. \u00abCiclismo en los barrios\u00bb es un programa hist\u00f3rico de la Subsecretar\u00eda de Deportes y lo trabajamos en conjunto con el Club Ciclista, quienes nos apoyan en la organizaci\u00f3n y la log\u00edstica del evento\u00bb, explic\u00f3 Podio.<\/p>\n\n\n\n<p>Durante la jornada, tuve la oportunidad de conversar con algunos de los padres y participantes del evento. Candelaria, mam\u00e1 de una ni\u00f1a llamada Emilce, de siete a\u00f1os de edad, comparti\u00f3 su entusiasmo: \u00abA mi hija le encant\u00f3 la propuesta de venir a andar en bicicleta. Estos programas que motivan a los m\u00e1s peque\u00f1os a hacer deporte me parecen maravillosos. Es genial que el Municipio organice tantas actividades gratuitas para todos. Vinimos en familia y estamos disfrutando mucho\u00bb.<\/p>\n\n\n\n<p>Patricia, otra mam\u00e1 asistente, tambi\u00e9n expres\u00f3 su satisfacci\u00f3n: \u00abVine con mis dos hijos, Luna Mora de 6 a\u00f1os y Cruz Le\u00f3n de 9 a\u00f1os. Mi hijo asiste al Club Ciclista y nos invitaron a participar en este evento. Nos encanta participar en todas las carreras que se realizan en los barrios, ya que disfrutamos mucho de esta actividad y consideramos que es muy importante para nuestros hijos\u00bb.<\/p>\n\n\n\n<p>El programa \u00abCiclismo en los barrios\u00bb ha logrado generar un impacto positivo en la comunidad, promoviendo la actividad f\u00edsica y el deporte entre los m\u00e1s j\u00f3venes. Adem\u00e1s, brinda la oportunidad de disfrutar en familia y fortalecer los lazos sociales en el barrio. Estas iniciativas demuestran el compromiso del municipio local en el desarrollo integral de sus habitantes, ofreciendo actividades recreativas y deportivas accesibles para todos.<\/p>\n\n\n\n<p>En conclusi\u00f3n, el evento de ciclismo en la avenida Providentti, barrio Belgrano, fue todo un \u00e9xito, contando con la participaci\u00f3n entusiasta de m\u00e1s de 100 ni\u00f1os y ni\u00f1as. El programa \u00abCiclismo en los barrios\u00bb se ha consolidado como una iniciativa destacada en la promoci\u00f3n del deporte y la movilidad sustentable. Agradecemos la colaboraci\u00f3n del Club Ciclista y el compromiso de los padres en fomentar la participaci\u00f3n de sus hijos en actividades saludables. \u00a1Sigamos pedaleando juntos hacia un estilo de vida activo y divertido!<br><br>Fuente: <a href=\"https:\/\/rafaela.gob.ar\/Sitio\/#\/Noticias\/2\/Detalle\/26649\" target=\"_blank\" rel=\"noreferrer noopener\">Municipalidad de Rafaela<\/a><\/p>\n","protected":false},"excerpt":{"rendered":"<p>El s\u00e1bado, en la avenida Providentti del barrio Belgrano, se llev\u00f3 a cabo un emocionante<\/p>\n","protected":false},"author":1,"featured_media":1101,"comment_status":"closed","ping_status":"closed","sticky":false,"template":"","format":"standard","meta":{"footnotes":""},"categories":[13,19],"tags":[],"class_list":["post-1100","post","type-post","status-publish","format-standard","has-post-thumbnail","hentry","category-deporte","category-sociedad"],"_links":{"self":[{"href":"https:\/\/rafaeladigital.com\/noticias\/wp-json\/wp\/v2\/posts\/1100","targetHints":{"allow":["GET"]}}],"collection":[{"href":"https:\/\/rafaeladigital.com\/noticias\/wp-json\/wp\/v2\/posts"}],"about":[{"href":"https:\/\/rafaeladigital.com\/noticias\/wp-json\/wp\/v2\/types\/post"}],"author":[{"embeddable":true,"href":"https:\/\/rafaeladigital.com\/noticias\/wp-json\/wp\/v2\/users\/1"}],"replies":[{"embeddable":true,"href":"https:\/\/rafaeladigital.com\/noticias\/wp-json\/wp\/v2\/comments?post=1100"}],"version-history":[{"count":2,"href":"https:\/\/rafaeladigital.com\/noticias\/wp-json\/wp\/v2\/posts\/1100\/revisions"}],"predecessor-version":[{"id":1103,"href":"https:\/\/rafaeladigital.com\/noticias\/wp-json\/wp\/v2\/posts\/1100\/revisions\/1103"}],"wp:featuredmedia":[{"embeddable":true,"href":"https:\/\/rafaeladigital.com\/noticias\/wp-json\/wp\/v2\/media\/1101"}],"wp:attachment":[{"href":"https:\/\/rafaeladigital.com\/noticias\/wp-json\/wp\/v2\/media?parent=1100"}],"wp:term":[{"taxonomy":"category","embeddable":true,"href":"https:\/\/rafaeladigital.com\/noticias\/wp-json\/wp\/v2\/categories?post=1100"},{"taxonomy":"post_tag","embeddable":true,"href":"https:\/\/rafaeladigital.com\/noticias\/wp-json\/wp\/v2\/tags?post=1100"}],"curies":[{"name":"wp","href":"https:\/\/api.w.org\/{rel}","templated":true}]}}