{"id":1207,"date":"2023-06-12T00:01:00","date_gmt":"2023-06-12T03:01:00","guid":{"rendered":"https:\/\/rafaeladigital.com\/noticias\/?p=1207"},"modified":"2023-06-10T23:06:00","modified_gmt":"2023-06-11T02:06:00","slug":"el-12-de-junio-de-1983-el-pais-dio-el-primer-paso-de-la-democracia-argentina","status":"publish","type":"post","link":"https:\/\/rafaeladigital.com\/noticias\/el-12-de-junio-de-1983-el-pais-dio-el-primer-paso-de-la-democracia-argentina\/","title":{"rendered":"El 12 de junio de 1983 el pa\u00eds dio el primer paso de la democracia argentina"},"content":{"rendered":"\n<p>El 12 de junio de 1983 marc\u00f3 un hito importante en la historia de Argentina, ya que ese d\u00eda el pa\u00eds dio el primer paso hacia la democracia despu\u00e9s de a\u00f1os de dictadura militar. Este art\u00edculo examinar\u00e1 los antecedentes hist\u00f3ricos previos a esa fecha, el proceso de democratizaci\u00f3n en s\u00ed mismo y su impacto en la sociedad argentina. Tambi\u00e9n reflexionaremos sobre los desaf\u00edos actuales que enfrenta la democracia en Argentina.<\/p>\n\n\n\n<h2 class=\"wp-block-heading\">Antecedentes hist\u00f3ricos antes del 12 de junio de 1983<\/h2>\n\n\n\n<h3 class=\"wp-block-heading\">Dictadura militar en Argentina<\/h3>\n\n\n\n<p>Desde 1976 hasta 1983, Argentina estuvo bajo una f\u00e9rrea dictadura militar. Durante este per\u00edodo, hubo violaciones masivas de los derechos humanos, incluyendo desapariciones forzadas, torturas y censura. La dictadura buscaba imponer un r\u00e9gimen autoritario y silenciar a cualquier voz disidente.<\/p>\n\n\n\n<h3 class=\"wp-block-heading\">Violaciones a los derechos humanos<\/h3>\n\n\n\n<p>Durante la dictadura, miles de personas fueron v\u00edctimas de violaciones a los derechos humanos. Muchos activistas pol\u00edticos, sindicalistas, estudiantes y periodistas fueron detenidos y torturados. Adem\u00e1s, se establecieron centros clandestinos de detenci\u00f3n donde se cometieron atrocidades inimaginables. Estas violaciones a los derechos humanos dejaron una profunda herida en la sociedad argentina.<\/p>\n\n\n\n<h2 class=\"wp-block-heading\">El proceso de democratizaci\u00f3n<\/h2>\n\n\n\n<h3 class=\"wp-block-heading\">Las elecciones de 1983<\/h3>\n\n\n\n<p>El 12 de junio de 1983, se llevaron a cabo las primeras elecciones presidenciales democr\u00e1ticas despu\u00e9s de la dictadura. Estas elecciones marcaron un nuevo comienzo para Argentina y despertaron la esperanza de un pa\u00eds libre y democr\u00e1tico. Los ciudadanos pudieron ejercer su derecho al voto y elegir a sus representantes.<\/p>\n\n\n\n<h3 class=\"wp-block-heading\">El presidente Ra\u00fal Alfons\u00edn<\/h3>\n\n\n\n<p>Ra\u00fal Alfons\u00edn fue elegido presidente en las elecciones de 1983 y se convirti\u00f3 en un s\u00edmbolo de la transici\u00f3n democr\u00e1tica en Argentina. Durante su gobierno, se implementaron pol\u00edticas de reconciliaci\u00f3n y justicia para abordar las violaciones a los derechos humanos.<\/p>\n\n\n\n<p><strong>Pol\u00edticas de reconciliaci\u00f3n y justicia<\/strong><\/p>\n\n\n\n<p>El presidente Ra\u00fal Alfons\u00edn implement\u00f3 medidas destinadas a reconciliar a la sociedad argentina y promover la justicia. Se cre\u00f3 la Comisi\u00f3n Nacional sobre la Desaparici\u00f3n de Personas (CONADEP), que investig\u00f3 y document\u00f3 los casos de desapariciones forzadas durante la dictadura. Adem\u00e1s, se llevaron a cabo juicios para juzgar a los responsables de los cr\u00edmenes de lesa humanidad cometidos durante ese per\u00edodo.<\/p>\n\n\n\n<h2 class=\"wp-block-heading\">El impacto de la democratizaci\u00f3n<\/h2>\n\n\n\n<h3 class=\"wp-block-heading\">Restauraci\u00f3n de la institucionalidad<\/h3>\n\n\n\n<p>La democratizaci\u00f3n de Argentina permiti\u00f3 la restauraci\u00f3n de las instituciones democr\u00e1ticas y el respeto por el Estado de derecho. Se restableci\u00f3 el poder del Congreso, se garantiz\u00f3 la independencia del poder judicial y se fortaleci\u00f3 la participaci\u00f3n ciudadana en la toma de decisiones.<\/p>\n\n\n\n<h3 class=\"wp-block-heading\">Avances en derechos humanos<\/h3>\n\n\n\n<p>Con la llegada de la democracia, hubo avances significativos en el reconocimiento y la protecci\u00f3n de los derechos humanos en Argentina. Se implementaron pol\u00edticas para garantizar la igualdad, la libertad de expresi\u00f3n y la participaci\u00f3n ciudadana. Se promovi\u00f3 la justicia y se busc\u00f3 reparar el da\u00f1o causado durante la dictadura.<\/p>\n\n\n\n<h3 class=\"wp-block-heading\">Transformaciones pol\u00edticas y sociales<\/h3>\n\n\n\n<p>La democratizaci\u00f3n trajo consigo transformaciones pol\u00edticas y sociales en Argentina. Se abrieron espacios para la diversidad pol\u00edtica y se promovi\u00f3 la participaci\u00f3n de diferentes actores en la vida democr\u00e1tica del pa\u00eds. Adem\u00e1s, se foment\u00f3 el pluralismo y se fortaleci\u00f3 la sociedad civil.<\/p>\n\n\n\n<h2 class=\"wp-block-heading\">Reflexiones sobre la democracia en Argentina<\/h2>\n\n\n\n<h3 class=\"wp-block-heading\">Retos y desaf\u00edos actuales<\/h3>\n\n\n\n<p>A pesar de los avances logrados, la democracia en Argentina todav\u00eda enfrenta retos y desaf\u00edos. La corrupci\u00f3n, la desigualdad socioecon\u00f3mica y la falta de confianza en las instituciones son algunos de los problemas que deben abordarse. Es necesario fortalecer la transparencia, la rendici\u00f3n de cuentas y la participaci\u00f3n ciudadana para consolidar la democracia.<\/p>\n\n\n\n<h3 class=\"wp-block-heading\">Consolidaci\u00f3n de la democracia<\/h3>\n\n\n\n<p>La consolidaci\u00f3n de la democracia en Argentina requiere el compromiso de todos los actores pol\u00edticos y de la sociedad en su conjunto. Es fundamental garantizar la vigencia de los derechos humanos, promover la justicia social y fortalecer las instituciones democr\u00e1ticas. Solo a trav\u00e9s de un esfuerzo colectivo se puede asegurar un futuro democr\u00e1tico y pr\u00f3spero para el pa\u00eds.<\/p>\n\n\n\n<h2 class=\"wp-block-heading\">Conclusi\u00f3n<\/h2>\n\n\n\n<p>El 12 de junio de 1983 fue un d\u00eda trascendental en la historia de Argentina, ya que marc\u00f3 el inicio del proceso de democratizaci\u00f3n despu\u00e9s de a\u00f1os de dictadura militar. A lo largo de este art\u00edculo, hemos explorado los antecedentes hist\u00f3ricos, el proceso de democratizaci\u00f3n y el impacto de la democracia en la sociedad argentina. Aunque persisten desaf\u00edos, la democratizaci\u00f3n ha permitido restaurar las instituciones, avanzar en derechos humanos y promover transformaciones pol\u00edticas y sociales.<\/p>\n","protected":false},"excerpt":{"rendered":"<p>El 12 de junio de 1983 marc\u00f3 un hito importante en la historia de Argentina,<\/p>\n","protected":false},"author":1,"featured_media":1208,"comment_status":"closed","ping_status":"closed","sticky":false,"template":"","format":"standard","meta":{"footnotes":""},"categories":[20,1],"tags":[],"class_list":["post-1207","post","type-post","status-publish","format-standard","has-post-thumbnail","hentry","category-argentina","category-politica"],"_links":{"self":[{"href":"https:\/\/rafaeladigital.com\/noticias\/wp-json\/wp\/v2\/posts\/1207","targetHints":{"allow":["GET"]}}],"collection":[{"href":"https:\/\/rafaeladigital.com\/noticias\/wp-json\/wp\/v2\/posts"}],"about":[{"href":"https:\/\/rafaeladigital.com\/noticias\/wp-json\/wp\/v2\/types\/post"}],"author":[{"embeddable":true,"href":"https:\/\/rafaeladigital.com\/noticias\/wp-json\/wp\/v2\/users\/1"}],"replies":[{"embeddable":true,"href":"https:\/\/rafaeladigital.com\/noticias\/wp-json\/wp\/v2\/comments?post=1207"}],"version-history":[{"count":1,"href":"https:\/\/rafaeladigital.com\/noticias\/wp-json\/wp\/v2\/posts\/1207\/revisions"}],"predecessor-version":[{"id":1209,"href":"https:\/\/rafaeladigital.com\/noticias\/wp-json\/wp\/v2\/posts\/1207\/revisions\/1209"}],"wp:featuredmedia":[{"embeddable":true,"href":"https:\/\/rafaeladigital.com\/noticias\/wp-json\/wp\/v2\/media\/1208"}],"wp:attachment":[{"href":"https:\/\/rafaeladigital.com\/noticias\/wp-json\/wp\/v2\/media?parent=1207"}],"wp:term":[{"taxonomy":"category","embeddable":true,"href":"https:\/\/rafaeladigital.com\/noticias\/wp-json\/wp\/v2\/categories?post=1207"},{"taxonomy":"post_tag","embeddable":true,"href":"https:\/\/rafaeladigital.com\/noticias\/wp-json\/wp\/v2\/tags?post=1207"}],"curies":[{"name":"wp","href":"https:\/\/api.w.org\/{rel}","templated":true}]}}