{"id":1213,"date":"2023-06-10T23:29:20","date_gmt":"2023-06-11T02:29:20","guid":{"rendered":"https:\/\/rafaeladigital.com\/noticias\/?p=1213"},"modified":"2023-06-10T23:36:57","modified_gmt":"2023-06-11T02:36:57","slug":"manchester-city-campeon-de-la-champions-league-y-hablo-julian-alvarez","status":"publish","type":"post","link":"https:\/\/rafaeladigital.com\/noticias\/manchester-city-campeon-de-la-champions-league-y-hablo-julian-alvarez\/","title":{"rendered":"Manchester City campe\u00f3n de la Champions League y habl\u00f3 Juli\u00e1n \u00c1lvarez"},"content":{"rendered":"\n<p>El impactante desempe\u00f1o de Juli\u00e1n \u00c1lvarez en el f\u00fatbol ingl\u00e9s ha sido un \u00e9xito rotundo desde su llegada al Manchester City a fines de enero de 2022. En poco tiempo, el joven delantero argentino ha acumulado un impresionante palmar\u00e9s, incluyendo t\u00edtulos con la Selecci\u00f3n Argentina y el m\u00e1s reciente triunfo en la final de la Champions League contra el Inter de Mil\u00e1n. En este art\u00edculo, exploraremos la incre\u00edble temporada de Juli\u00e1n \u00c1lvarez en el Manchester City y su perspectiva de futuro en el club.<\/p>\n\n\n\n<h2 class=\"wp-block-heading\">1. Un a\u00f1o lleno de \u00e9xitos<\/h2>\n\n\n\n<h3 class=\"wp-block-heading\">1.1. Triunfos con la Selecci\u00f3n Argentina<\/h3>\n\n\n\n<p>Desde su llegada al Manchester City, Juli\u00e1n \u00c1lvarez ha experimentado un a\u00f1o lleno de \u00e9xitos tanto a nivel de club como de selecci\u00f3n. Durante el a\u00f1o pasado, tuvo la oportunidad de levantar dos t\u00edtulos con la Selecci\u00f3n Argentina, incluyendo el Mundial. Estos logros le otorgaron una gran confianza y experiencia que se reflejaron en su desempe\u00f1o en el club.<\/p>\n\n\n\n<h3 class=\"wp-block-heading\">1.2. Consagraci\u00f3n en la Champions League<\/h3>\n\n\n\n<p>El punto culminante de la temporada de Juli\u00e1n \u00c1lvarez fue sin duda la victoria en la final de la Champions League contra el Inter de Mil\u00e1n. Aunque no jug\u00f3 minutos en la final, su contribuci\u00f3n a lo largo de la temporada fue fundamental para el \u00e9xito del equipo. El Manchester City logr\u00f3 vencer al Inter de Mil\u00e1n por 1-0, lo que llev\u00f3 a la tercera vuelta ol\u00edmpica desde la llegada de \u00c1lvarez al club.<\/p>\n\n\n\n<figure class=\"wp-block-embed is-type-video is-provider-youtube wp-block-embed-youtube wp-embed-aspect-16-9 wp-has-aspect-ratio\"><div class=\"wp-block-embed__wrapper\">\n<iframe title=\"\u00a1LOS CITIZENS SE CONSAGRARON CAMPEONES DE LA CHAMPIONS LEAGUE! | Man. City 1-0 Inter | RESUMEN\" width=\"640\" height=\"360\" data-src=\"https:\/\/www.youtube.com\/embed\/r-FHya3aqiQ?feature=oembed\" frameborder=\"0\" allow=\"accelerometer; autoplay; clipboard-write; encrypted-media; gyroscope; picture-in-picture; web-share\" referrerpolicy=\"strict-origin-when-cross-origin\" allowfullscreen src=\"data:image\/svg+xml;base64,PHN2ZyB3aWR0aD0iMSIgaGVpZ2h0PSIxIiB4bWxucz0iaHR0cDovL3d3dy53My5vcmcvMjAwMC9zdmciPjwvc3ZnPg==\" class=\"lazyload\" data-load-mode=\"1\"><\/iframe>\n<\/div><\/figure>\n\n\n\n<h2 class=\"wp-block-heading\">2. Un desaf\u00edo personal<\/h2>\n\n\n\n<h3 class=\"wp-block-heading\">2.1. La transici\u00f3n a un nuevo f\u00fatbol<\/h3>\n\n\n\n<p>Desde que decidi\u00f3 dejar Argentina para unirse al Manchester City, Juli\u00e1n \u00c1lvarez sab\u00eda que enfrentar\u00eda un desaf\u00edo considerable. El cambio de pa\u00eds y de estilo de juego representaba un paso importante en su carrera. Sin embargo, \u00c1lvarez pudo superar las expectativas y adaptarse r\u00e1pidamente al nuevo entorno.<\/p>\n\n\n\n<h3 class=\"wp-block-heading\">2.2. Aprendizaje y crecimiento<\/h3>\n\n\n\n<p>El delantero argentino destac\u00f3 que esta temporada ha sido magn\u00edfica tanto a nivel personal como profesional. Adem\u00e1s de los \u00e9xitos obtenidos, Juli\u00e1n \u00c1lvarez resalt\u00f3 el aprendizaje y crecimiento que ha experimentado como jugador y como persona. Su paso por el Manchester City le ha brindado una oportunidad invaluable para desarrollarse y mejorar en todos los aspectos del juego.<\/p>\n\n\n\n<h2 class=\"wp-block-heading\">3. Esp\u00edritu de equipo y camarader\u00eda<\/h2>\n\n\n\n<h3 class=\"wp-block-heading\">3.1. Apoyo mutuo entre los jugadores<\/h3>\n\n\n\n<p>Durante una entrevista, Juli\u00e1n \u00c1lvarez explic\u00f3 el ambiente positivo y el esp\u00edritu de equipo que se vive en el Manchester City. Aunque algunos jugadores tienen m\u00e1s minutos de juego que otros, todos se apoyan mutuamente y trabajan juntos para alcanzar los objetivos del equipo. Esta mentalidad de camarader\u00eda y solidaridad ha sido un factor clave en el \u00e9xito del club.<\/p>\n\n\n\n<p>En el entretiempo de la final de la Champions League, el entrenador del Manchester City, Pep Guardiola, mantuvo una charla importante con sus jugadores<\/p>\n\n\n\n<h2 class=\"wp-block-heading\">4. El futuro de Juli\u00e1n \u00c1lvarez<\/h2>\n\n\n\n<h3 class=\"wp-block-heading\">4.1. Una inc\u00f3gnita en cuanto al tiempo de juego<\/h3>\n\n\n\n<p>A pesar de los \u00e9xitos logrados por Juli\u00e1n \u00c1lvarez en el Manchester City, su tiempo de juego ha sido limitado a lo largo de la temporada. Esto ha generado especulaciones sobre su futuro en el club. Aunque su contrato a\u00fan tiene varios a\u00f1os de vigencia, no ser\u00eda sorprendente que el jugador decida buscar m\u00e1s minutos en otro equipo.<\/p>\n\n\n\n<h3 class=\"wp-block-heading\">4.2. Una decisi\u00f3n por tomar<\/h3>\n\n\n\n<p>Al ser consultado sobre su futuro, Juli\u00e1n \u00c1lvarez expres\u00f3 su satisfacci\u00f3n por la temporada y dej\u00f3 abierta la posibilidad de analizar nuevas opciones. Su enfoque inmediato se encuentra en unirse a la Selecci\u00f3n Argentina y luego disfrutar de unas merecidas vacaciones. Sin embargo, el destino de \u00c1lvarez a\u00fan es incierto y solo el tiempo dir\u00e1 si continuar\u00e1 su carrera en el Manchester City o buscar\u00e1 nuevos desaf\u00edos en otro lugar.<\/p>\n\n\n\n<blockquote class=\"twitter-tweet\"><p lang=\"es\" dir=\"ltr\">\u2705 Libertadores<br>\u2705 Copa Am\u00e9rica<br>\u2705 Mundial<br>\u2705 Champions League<br><br>\ud83d\udd77\ufe0f Juli\u00e1n \u00c1lvarez, del semillero de River a la historia del f\u00fatbol \ud83d\ude0d <a href=\"https:\/\/t.co\/xBXftm4jef\">pic.twitter.com\/xBXftm4jef<\/a><\/p>&mdash; River Plate (@RiverPlate) <a href=\"https:\/\/twitter.com\/RiverPlate\/status\/1667655637826764801?ref_src=twsrc%5Etfw\" target=\"_blank\" rel=\"noopener\">June 10, 2023<\/a><\/blockquote> <script async src=\"https:\/\/platform.twitter.com\/widgets.js\" charset=\"utf-8\"><\/script>\n\n\n\n<h2 class=\"wp-block-heading\">Conclusi\u00f3n<\/h2>\n\n\n\n<p>La temporada de Juli\u00e1n \u00c1lvarez en el Manchester City ha sido verdaderamente excepcional. A pesar de tener pocos minutos en la cancha, su influencia en el equipo ha sido invaluable. Su contribuci\u00f3n en la conquista de la Champions League demuestra su talento y su capacidad para adaptarse a nuevos desaf\u00edos. El futuro de \u00c1lvarez sigue siendo una inc\u00f3gnita, pero lo que est\u00e1 claro es que su talento y determinaci\u00f3n lo llevar\u00e1n a seguir triunfando en el f\u00fatbol.<br><br>Fuente: <a href=\"https:\/\/www.ole.com.ar\/futbol-internacional\/champions\/julian-alvarez-hablo-final-champions-futuro-seleccion_0_1cXtjgi5s7.html\" target=\"_blank\" rel=\"noopener\">Ol\u00e9<\/a><\/p>\n","protected":false},"excerpt":{"rendered":"<p>El impactante desempe\u00f1o de Juli\u00e1n \u00c1lvarez en el f\u00fatbol ingl\u00e9s ha sido un \u00e9xito rotundo<\/p>\n","protected":false},"author":1,"featured_media":1214,"comment_status":"closed","ping_status":"closed","sticky":false,"template":"","format":"standard","meta":{"footnotes":""},"categories":[13],"tags":[],"class_list":["post-1213","post","type-post","status-publish","format-standard","has-post-thumbnail","hentry","category-deporte"],"_links":{"self":[{"href":"https:\/\/rafaeladigital.com\/noticias\/wp-json\/wp\/v2\/posts\/1213","targetHints":{"allow":["GET"]}}],"collection":[{"href":"https:\/\/rafaeladigital.com\/noticias\/wp-json\/wp\/v2\/posts"}],"about":[{"href":"https:\/\/rafaeladigital.com\/noticias\/wp-json\/wp\/v2\/types\/post"}],"author":[{"embeddable":true,"href":"https:\/\/rafaeladigital.com\/noticias\/wp-json\/wp\/v2\/users\/1"}],"replies":[{"embeddable":true,"href":"https:\/\/rafaeladigital.com\/noticias\/wp-json\/wp\/v2\/comments?post=1213"}],"version-history":[{"count":2,"href":"https:\/\/rafaeladigital.com\/noticias\/wp-json\/wp\/v2\/posts\/1213\/revisions"}],"predecessor-version":[{"id":1217,"href":"https:\/\/rafaeladigital.com\/noticias\/wp-json\/wp\/v2\/posts\/1213\/revisions\/1217"}],"wp:featuredmedia":[{"embeddable":true,"href":"https:\/\/rafaeladigital.com\/noticias\/wp-json\/wp\/v2\/media\/1214"}],"wp:attachment":[{"href":"https:\/\/rafaeladigital.com\/noticias\/wp-json\/wp\/v2\/media?parent=1213"}],"wp:term":[{"taxonomy":"category","embeddable":true,"href":"https:\/\/rafaeladigital.com\/noticias\/wp-json\/wp\/v2\/categories?post=1213"},{"taxonomy":"post_tag","embeddable":true,"href":"https:\/\/rafaeladigital.com\/noticias\/wp-json\/wp\/v2\/tags?post=1213"}],"curies":[{"name":"wp","href":"https:\/\/api.w.org\/{rel}","templated":true}]}}