{"id":1248,"date":"2023-06-13T21:58:37","date_gmt":"2023-06-14T00:58:37","guid":{"rendered":"https:\/\/rafaeladigital.com\/noticias\/?p=1248"},"modified":"2023-06-13T22:00:17","modified_gmt":"2023-06-14T01:00:17","slug":"balance-muy-positivo-del-fin-de-semana-del-tc-en-rafaela","status":"publish","type":"post","link":"https:\/\/rafaeladigital.com\/noticias\/balance-muy-positivo-del-fin-de-semana-del-tc-en-rafaela\/","title":{"rendered":"Balance muy positivo del fin de semana del TC en Rafaela"},"content":{"rendered":"\n<p>El Turismo Carretera (TC) en Rafaela fue m\u00e1s que un evento deportivo. Se convirti\u00f3 en una verdadera fiesta del deporte motor, atrayendo a multitudes y generando un impacto positivo en la ciudad. Desde la planificaci\u00f3n previa hasta la ejecuci\u00f3n, todo sali\u00f3 seg\u00fan lo esperado, y los resultados hablan por s\u00ed mismos. En este art\u00edculo, exploraremos los aspectos destacados del fin de semana del TC en Rafaela y c\u00f3mo ha contribuido al crecimiento y desarrollo de la ciudad.<\/p>\n\n\n\n<h2 class=\"wp-block-heading\">Reuni\u00f3n de instituciones y organismos<\/h2>\n\n\n\n<p>Antes de que comenzara la competencia, se llev\u00f3 a cabo una reuni\u00f3n en el Sal\u00f3n Verde de la Municipalidad, en la cual participaron todas las instituciones y organismos que colaboraron en la organizaci\u00f3n del evento. Esta reuni\u00f3n fue fundamental para coordinar los esfuerzos de todos los involucrados y garantizar que el evento se desarrollara sin contratiempos.<\/p>\n\n\n\n<h2 class=\"wp-block-heading\">Impacto econ\u00f3mico en Rafaela<\/h2>\n\n\n\n<p>Diego Peiretti, secretario de Producci\u00f3n, Empleo e Innovaci\u00f3n, enfatiz\u00f3 el impacto econ\u00f3mico positivo que el TC trae consigo. Durante el fin de semana, se gener\u00f3 un flujo econ\u00f3mico significativo que benefici\u00f3 a diferentes sectores de la ciudad, como la hoteler\u00eda, la gastronom\u00eda, el comercio y las estaciones de servicio. El evento atrajo a numerosos visitantes que dejaron una huella tangible en la econom\u00eda local.<\/p>\n\n\n\n<h2 class=\"wp-block-heading\">Rafaela como destino de eventos<\/h2>\n\n\n\n<p>Silvina Imperiale, presidenta de CAPHREBAR (C\u00e1mara de Propietarios de Hoteles, Restaurantes, Bares, Confiter\u00edas y Afines de Rafaela), expres\u00f3 su entusiasmo por convertir a Rafaela en un destino reconocido para eventos. Aunque la ciudad no cuenta con paisajes naturales impresionantes, ha demostrado su capacidad para albergar y organizar eventos de todo tipo. Rafaela se est\u00e1 consolidando como un lugar atractivo para eventos sociales, culturales y deportivos.<\/p>\n\n\n\n<h2 class=\"wp-block-heading\">El trabajo en equipo como clave del \u00e9xito<\/h2>\n\n\n\n<p>Diego Kurganoff, presidente del Club Atl\u00e9tico de Rafaela, comparti\u00f3 su experiencia como anfitri\u00f3n del TC. Destac\u00f3 la importancia del trabajo en equipo y la colaboraci\u00f3n con el municipio, los hoteles, los comercios y otros actores clave de la ciudad. Sin la participaci\u00f3n y apoyo de todos, no ser\u00eda posible llevar a cabo un evento de esta magnitud. El \u00e9xito del fin de semana del TC fue el resultado de una estrecha colaboraci\u00f3n y coordinaci\u00f3n entre todas las partes involucradas.<\/p>\n\n\n\n<h2 class=\"wp-block-heading\">Evaluaci\u00f3n positiva y perspectivas futuras<\/h2>\n\n\n\n<p>La evaluaci\u00f3n general del fin de semana del TC en Rafaela fue sumamente positiva. No se registraron incidentes graves ni accidentes, y el p\u00fablico se comport\u00f3 de manera ejemplar. El clima tambi\u00e9n acompa\u00f1\u00f3, lo que contribuy\u00f3 a\u00fan m\u00e1s al \u00e9xito del evento. Todos los involucrados esperan seguir por este camino, trabajando en conjunto con el apoyo continuo del municipio y del Gobierno provincial. Rafaela se est\u00e1 posicionando como un referente en el mundo del deporte motor y espera recibir eventos emocionantes en el futuro.<\/p>\n\n\n\n<p>Fuente: <a href=\"https:\/\/rafaela.gob.ar\/Sitio\/#\/Noticias\/1\/Detalle\/26705\" target=\"_blank\" rel=\"noreferrer noopener\">Municipalidad de Rafaela<\/a><\/p>\n","protected":false},"excerpt":{"rendered":"<p>El Turismo Carretera (TC) en Rafaela fue m\u00e1s que un evento deportivo. Se convirti\u00f3 en<\/p>\n","protected":false},"author":1,"featured_media":1249,"comment_status":"closed","ping_status":"closed","sticky":false,"template":"","format":"standard","meta":{"footnotes":""},"categories":[19],"tags":[],"class_list":["post-1248","post","type-post","status-publish","format-standard","has-post-thumbnail","hentry","category-sociedad"],"_links":{"self":[{"href":"https:\/\/rafaeladigital.com\/noticias\/wp-json\/wp\/v2\/posts\/1248","targetHints":{"allow":["GET"]}}],"collection":[{"href":"https:\/\/rafaeladigital.com\/noticias\/wp-json\/wp\/v2\/posts"}],"about":[{"href":"https:\/\/rafaeladigital.com\/noticias\/wp-json\/wp\/v2\/types\/post"}],"author":[{"embeddable":true,"href":"https:\/\/rafaeladigital.com\/noticias\/wp-json\/wp\/v2\/users\/1"}],"replies":[{"embeddable":true,"href":"https:\/\/rafaeladigital.com\/noticias\/wp-json\/wp\/v2\/comments?post=1248"}],"version-history":[{"count":2,"href":"https:\/\/rafaeladigital.com\/noticias\/wp-json\/wp\/v2\/posts\/1248\/revisions"}],"predecessor-version":[{"id":1251,"href":"https:\/\/rafaeladigital.com\/noticias\/wp-json\/wp\/v2\/posts\/1248\/revisions\/1251"}],"wp:featuredmedia":[{"embeddable":true,"href":"https:\/\/rafaeladigital.com\/noticias\/wp-json\/wp\/v2\/media\/1249"}],"wp:attachment":[{"href":"https:\/\/rafaeladigital.com\/noticias\/wp-json\/wp\/v2\/media?parent=1248"}],"wp:term":[{"taxonomy":"category","embeddable":true,"href":"https:\/\/rafaeladigital.com\/noticias\/wp-json\/wp\/v2\/categories?post=1248"},{"taxonomy":"post_tag","embeddable":true,"href":"https:\/\/rafaeladigital.com\/noticias\/wp-json\/wp\/v2\/tags?post=1248"}],"curies":[{"name":"wp","href":"https:\/\/api.w.org\/{rel}","templated":true}]}}