{"id":1273,"date":"2023-06-19T16:22:44","date_gmt":"2023-06-19T19:22:44","guid":{"rendered":"https:\/\/rafaeladigital.com\/noticias\/?p=1273"},"modified":"2023-06-19T16:22:49","modified_gmt":"2023-06-19T19:22:49","slug":"quien-es-mijael-navarro-el-candidato-liberal-mas-joven-de-rafaela-que-busca-ganarse-un-lugar-en-el-concejo-de-la-ciudad","status":"publish","type":"post","link":"https:\/\/rafaeladigital.com\/noticias\/quien-es-mijael-navarro-el-candidato-liberal-mas-joven-de-rafaela-que-busca-ganarse-un-lugar-en-el-concejo-de-la-ciudad\/","title":{"rendered":"\u00bfQui\u00e9n es Mijael Navarro? El candidato liberal mas Joven de Rafaela que busca ganarse un lugar en el concejo de la ciudad."},"content":{"rendered":"\n<p>Mijael Navarro es un joven de 21 a\u00f1os, estudiante de Ingenier\u00eda Industrial de la Universidad Tecnol\u00f3gica Nacional cede Rafaela que se ha convertido en una figura destacada en la pol\u00edtica de Rafaela. Junto al precandidato a concejal DelvisBodoira y el espacio pol\u00edtico \u00abViva la libertad\u00bb, que tiene como referentes al Dip Juan Arga\u00f1araz y al Doctor EdelvinoBodoirael joven liberal ha cautivado la atenci\u00f3n de muchos sectores, incluido el espacio al cual hoy pertenece.<\/p>\n\n\n\n<p>Con una fuerte presencia en las redes sociales, Navarro ha llevado a cabo desde los 16 a\u00f1os lo que muchos definen como \u201cLa batalla cultural\u201d, generando contenido para sus aficionados y siendo parte de eventos con figuras destacadas de la derecha argentina, incluido el precandidato a presidente por la Libertad Avanza Javier Milei.<\/p>\n\n\n\n<p>Su trabajo, fue reconocido en los prestigiosos premios CCAWARDS para j\u00f3venes influyentes que crean contenido en diferentes plataformas, teniendo Navarro una menci\u00f3n especial por llevar a cabo la batalla cultural desde su temprana edad.<\/p>\n\n\n\n<p>Hoy, a sus 21 a\u00f1os, como una nueva muestra de compromiso con la sociedad, Navarro asume la responsabilidad de ser el precandidato m\u00e1s joven de Rafaela para disputar un lugar en el concejo municipal junto al espacio \u201cViva la libertad\u201d, para llevar \u201cEl sentido com\u00fan y la agenda de la gente\u201d al legislativo municipal.<\/p>\n\n\n\n<p>Preocupado a su vez por la juventud, Bodoira y Navarro est\u00e1n llevando a cabo una serie de propuestas para trabajar por una \u201cNocturnidad responsable\u201d.<\/p>\n\n\n\n<p>A su vez, desde el espacio Inspirar, partido fundante de esta alianza, junto a la Precandidata a Intendente M\u00f3nica Schmutzler se van a realizar una serie de videos informativos en los cuales se van a dar a conocer las propuestas que involucran grandes reformas en la ciudad para traer alivio a los bolsillos de los rafaelinos en cuanto a las disposiciones impositivas, as\u00ed tambi\u00e9n, realizar programas de trabajo en conjunto con las diferentes empresas de la ciudad para fortalecer y brindar oportunidades de trabajo en la zona.<\/p>\n","protected":false},"excerpt":{"rendered":"<p>Mijael Navarro es un joven de 21 a\u00f1os, estudiante de Ingenier\u00eda Industrial de la Universidad<\/p>\n","protected":false},"author":1,"featured_media":1274,"comment_status":"closed","ping_status":"closed","sticky":false,"template":"","format":"standard","meta":{"footnotes":""},"categories":[1],"tags":[],"class_list":["post-1273","post","type-post","status-publish","format-standard","has-post-thumbnail","hentry","category-politica"],"_links":{"self":[{"href":"https:\/\/rafaeladigital.com\/noticias\/wp-json\/wp\/v2\/posts\/1273","targetHints":{"allow":["GET"]}}],"collection":[{"href":"https:\/\/rafaeladigital.com\/noticias\/wp-json\/wp\/v2\/posts"}],"about":[{"href":"https:\/\/rafaeladigital.com\/noticias\/wp-json\/wp\/v2\/types\/post"}],"author":[{"embeddable":true,"href":"https:\/\/rafaeladigital.com\/noticias\/wp-json\/wp\/v2\/users\/1"}],"replies":[{"embeddable":true,"href":"https:\/\/rafaeladigital.com\/noticias\/wp-json\/wp\/v2\/comments?post=1273"}],"version-history":[{"count":1,"href":"https:\/\/rafaeladigital.com\/noticias\/wp-json\/wp\/v2\/posts\/1273\/revisions"}],"predecessor-version":[{"id":1275,"href":"https:\/\/rafaeladigital.com\/noticias\/wp-json\/wp\/v2\/posts\/1273\/revisions\/1275"}],"wp:featuredmedia":[{"embeddable":true,"href":"https:\/\/rafaeladigital.com\/noticias\/wp-json\/wp\/v2\/media\/1274"}],"wp:attachment":[{"href":"https:\/\/rafaeladigital.com\/noticias\/wp-json\/wp\/v2\/media?parent=1273"}],"wp:term":[{"taxonomy":"category","embeddable":true,"href":"https:\/\/rafaeladigital.com\/noticias\/wp-json\/wp\/v2\/categories?post=1273"},{"taxonomy":"post_tag","embeddable":true,"href":"https:\/\/rafaeladigital.com\/noticias\/wp-json\/wp\/v2\/tags?post=1273"}],"curies":[{"name":"wp","href":"https:\/\/api.w.org\/{rel}","templated":true}]}}