{"id":1296,"date":"2023-06-27T19:34:33","date_gmt":"2023-06-27T22:34:33","guid":{"rendered":"https:\/\/rafaeladigital.com\/noticias\/?p=1296"},"modified":"2023-06-27T19:34:38","modified_gmt":"2023-06-27T22:34:38","slug":"inspirar-la-fuerza-politica-que-busca-transformar-santa-fe","status":"publish","type":"post","link":"https:\/\/rafaeladigital.com\/noticias\/inspirar-la-fuerza-politica-que-busca-transformar-santa-fe\/","title":{"rendered":"Inspirar: La Fuerza Pol\u00edtica que Busca Transformar Santa Fe"},"content":{"rendered":"\n<p>La provincia de Santa Fe ha enfrentado grandes desaf\u00edos en los \u00faltimos a\u00f1os, especialmente en t\u00e9rminos de inseguridad, narcotr\u00e1fico y corrupci\u00f3n. Ante esta realidad preocupante, ha surgido una fuerza pol\u00edtica imponente y decidida a cambiar el rumbo de la provincia: Inspirar.<\/p>\n\n\n\n<h2 class=\"wp-block-heading\">Un Nuevo Horizonte<\/h2>\n\n\n\n<p>Inspirar se presenta como una opci\u00f3n revolucionaria, comprometida en poner fin a la corrupci\u00f3n y construir un futuro pr\u00f3spero y esperanzador para Santa Fe. Con 58 listas en todo el territorio provincial, encabezadas por el precandidato a gobernador, Edelvino Bodoira, y con el diputado Juan Arga\u00f1araz liderando la lista a Diputados Provinciales, este partido pol\u00edtico busca marcar la diferencia.<\/p>\n\n\n\n<h2 class=\"wp-block-heading\">Superando las Estructuras Tradicionales<\/h2>\n\n\n\n<p>Las estructuras pol\u00edticas tradicionales, como Santa Fe Juntos Avancemos y Unidos para cambiar Santa Fe, han dejado un sentimiento de desilusi\u00f3n y descontento en la provincia. A pesar de sus promesas, no han logrado abordar eficazmente los problemas que afectan a los santafesinos, permitiendo que la inseguridad y el narcotr\u00e1fico contin\u00faen en aumento. Inspirar busca romper con este ciclo y proponer un cambio real y efectivo.<\/p>\n\n\n\n<h2 class=\"wp-block-heading\">El Poder\u00edo de Inspirar<\/h2>\n\n\n\n<p>El amplio despliegue territorial de Inspirar, con sus 58 listas distribuidas estrat\u00e9gicamente en toda la provincia, demuestra su alcance y compromiso con cada comunidad. Esta estructura s\u00f3lida y unificada est\u00e1 preparada para enfrentar los desaf\u00edos que se presenten. Edelvino Bodoira, figura central de este movimiento transformador, ha dedicado su vida a la defensa de los valores de la libertad, la justicia y la honestidad. Ahora, en el a\u00f1o 2023, asume la responsabilidad de incursionar en la pol\u00edtica para buscar el cambio que Santa Fe tanto necesita.<\/p>\n\n\n\n<h2 class=\"wp-block-heading\">El Compromiso de Juan Arga\u00f1araz<\/h2>\n\n\n\n<p>Juan Arga\u00f1araz, diputado provincial y l\u00edder dentro de Inspirar, ha destacado por su labor legislativa y su lucha incansable contra la corrupci\u00f3n. Su experiencia y conocimiento profundo de los problemas que afectan a la provincia lo convierten en una figura capaz de representar eficazmente los intereses de la ciudadan\u00eda en la c\u00e1mara baja. Arga\u00f1araz ha presentado una amplia variedad de proyectos en \u00e1reas fundamentales como seguridad, educaci\u00f3n, discapacidad y fortalecimiento de las pymes, demostrando su compromiso con el desarrollo integral de Santa Fe.<\/p>\n\n\n\n<h2 class=\"wp-block-heading\">Conclusion<\/h2>\n\n\n\n<p>En conclusi\u00f3n, Inspirar se presenta como una opci\u00f3n pol\u00edtica fresca y transformadora en la provincia de Santa Fe. Con su enfoque en combatir la corrupci\u00f3n, mejorar la seguridad y promover el desarrollo, este partido busca generar un cambio positivo y duradero.<\/p>\n","protected":false},"excerpt":{"rendered":"<p>La provincia de Santa Fe ha enfrentado grandes desaf\u00edos en los \u00faltimos a\u00f1os, especialmente en<\/p>\n","protected":false},"author":1,"featured_media":1302,"comment_status":"closed","ping_status":"closed","sticky":false,"template":"","format":"standard","meta":{"footnotes":""},"categories":[1],"tags":[],"class_list":["post-1296","post","type-post","status-publish","format-standard","has-post-thumbnail","hentry","category-politica"],"_links":{"self":[{"href":"https:\/\/rafaeladigital.com\/noticias\/wp-json\/wp\/v2\/posts\/1296","targetHints":{"allow":["GET"]}}],"collection":[{"href":"https:\/\/rafaeladigital.com\/noticias\/wp-json\/wp\/v2\/posts"}],"about":[{"href":"https:\/\/rafaeladigital.com\/noticias\/wp-json\/wp\/v2\/types\/post"}],"author":[{"embeddable":true,"href":"https:\/\/rafaeladigital.com\/noticias\/wp-json\/wp\/v2\/users\/1"}],"replies":[{"embeddable":true,"href":"https:\/\/rafaeladigital.com\/noticias\/wp-json\/wp\/v2\/comments?post=1296"}],"version-history":[{"count":1,"href":"https:\/\/rafaeladigital.com\/noticias\/wp-json\/wp\/v2\/posts\/1296\/revisions"}],"predecessor-version":[{"id":1297,"href":"https:\/\/rafaeladigital.com\/noticias\/wp-json\/wp\/v2\/posts\/1296\/revisions\/1297"}],"wp:featuredmedia":[{"embeddable":true,"href":"https:\/\/rafaeladigital.com\/noticias\/wp-json\/wp\/v2\/media\/1302"}],"wp:attachment":[{"href":"https:\/\/rafaeladigital.com\/noticias\/wp-json\/wp\/v2\/media?parent=1296"}],"wp:term":[{"taxonomy":"category","embeddable":true,"href":"https:\/\/rafaeladigital.com\/noticias\/wp-json\/wp\/v2\/categories?post=1296"},{"taxonomy":"post_tag","embeddable":true,"href":"https:\/\/rafaeladigital.com\/noticias\/wp-json\/wp\/v2\/tags?post=1296"}],"curies":[{"name":"wp","href":"https:\/\/api.w.org\/{rel}","templated":true}]}}