{"id":1322,"date":"2023-07-09T10:02:01","date_gmt":"2023-07-09T13:02:01","guid":{"rendered":"https:\/\/rafaeladigital.com\/noticias\/?p=1322"},"modified":"2023-07-09T10:03:13","modified_gmt":"2023-07-09T13:03:13","slug":"atletico-de-rafaela-pierde-ante-riestra-resumen-del-partido-y-perspectivas-futuras","status":"publish","type":"post","link":"https:\/\/rafaeladigital.com\/noticias\/atletico-de-rafaela-pierde-ante-riestra-resumen-del-partido-y-perspectivas-futuras\/","title":{"rendered":"Atl\u00e9tico de Rafaela pierde ante Riestra: Resumen del Partido y Perspectivas Futuras"},"content":{"rendered":"\n<p>Atl\u00e9tico de Rafaela se enfrent\u00f3 al Deportivo Riestra en un emocionante partido disputado en el Monumental de barrio Alberdi. El encuentro, v\u00e1lido por la fecha 21 de la zona B de la Primera Nacional, concluy\u00f3 con una derrota por 1 a 0 a favor de Riestra. Jonathan Goitia anot\u00f3 un golazo a los 15 minutos del complemento, asegurando la victoria para su equipo.<\/p>\n\n\n\n<h2 class=\"wp-block-heading\">Un Partido Competitivo y Ajustado<\/h2>\n\n\n\n<p>El primer tiempo del encuentro estuvo marcado por la intensidad y la paridad entre ambos equipos. Aunque Atl\u00e9tico de Rafaela luch\u00f3 por abrir el marcador, fueron los visitantes quienes tuvieron las oportunidades m\u00e1s claras, especialmente a trav\u00e9s de Mauro Ort\u00edz. Sin embargo, a pesar de una falta clara sobre F\u00fanez que pudo haber sido penal para Atl\u00e9tico, el \u00e1rbitro Sebasti\u00e1n Mart\u00ednez no sancion\u00f3 la infracci\u00f3n.<\/p>\n\n\n\n<h2 class=\"wp-block-heading\">El Golazo de Goitia y la Lucha de Atl\u00e9tico de Rafaela<\/h2>\n\n\n\n<p>En el segundo tiempo, Deportivo Riestra encontr\u00f3 en Jonathan Goitia la llave del triunfo con un golazo espectacular. Goitia recibi\u00f3 el bal\u00f3n en los l\u00edmites del \u00e1rea y lo coloc\u00f3 en un \u00e1ngulo imposible para el arquero rival. A pesar de los esfuerzos de Atl\u00e9tico de Rafaela por reaccionar, el equipo no logr\u00f3 generar peligro en el arco contrario debido a la falta de ideas claras en su juego.<\/p>\n\n\n\n<h2 class=\"wp-block-heading\">Perspectivas Futuras para Atl\u00e9tico de Rafaela<\/h2>\n\n\n\n<p>Con esta derrota, Atl\u00e9tico de Rafaela se encuentra con 31 puntos en la tabla, mientras que Deportivo Riestra alcanza los 30 puntos, quedando al borde de clasificar a la zona de reducido. A pesar de este resultado adverso, el equipo de Rafaela a\u00fan tiene oportunidades de mejorar su posici\u00f3n en los pr\u00f3ximos partidos.<\/p>\n\n\n\n<p>El pr\u00f3ximo desaf\u00edo para Atl\u00e9tico de Rafaela ser\u00e1 el domingo 16 de julio, cuando visite a Ferro Carril Oeste. El partido se llevar\u00e1 a cabo a las 19:05 y ser\u00e1 transmitido por Directv. Ser\u00e1 una prueba importante para el equipo, ya que deber\u00e1 mostrar su determinaci\u00f3n y habilidad para recuperarse de esta derrota y buscar una victoria que los impulse hacia una mejor posici\u00f3n en la tabla.<\/p>\n\n\n\n<h2 class=\"wp-block-heading\">Formaciones de los Equipos<\/h2>\n\n\n\n<p>A continuaci\u00f3n, presentamos las formaciones de ambos equipos para el partido:<\/p>\n\n\n\n<p><strong>Atl\u00e9tico de Rafaela:<\/strong><\/p>\n\n\n\n<ul class=\"wp-block-list\">\n<li>Marcos Peano<\/li>\n\n\n\n<li>Mat\u00edas Olgu\u00edn<\/li>\n\n\n\n<li>Fabricio Fontanini<\/li>\n\n\n\n<li>Mauro Osores<\/li>\n\n\n\n<li>Agust\u00edn Bravo<\/li>\n\n\n\n<li>Nicol\u00e1s Lam\u00e9ndola<\/li>\n\n\n\n<li>Facundo Soloa<\/li>\n\n\n\n<li>Mat\u00edas Valdivia<\/li>\n\n\n\n<li>Nicol\u00e1s Delgadillo<\/li>\n\n\n\n<li>Nazareno F\u00fanez<\/li>\n\n\n\n<li>Claudio Bieler<\/li>\n<\/ul>\n\n\n\n<p>Suplentes: Mayco Berghia, Gast\u00f3n Tellechea, Federico Torres, Mat\u00edas Fissore, Nicol\u00e1s Varela.<\/p>\n\n\n\n<p>DT: Ezequiel Medr\u00e1n.<\/p>\n\n\n\n<p><strong>Deportivo Riestra:<\/strong><\/p>\n\n\n\n<ul class=\"wp-block-list\">\n<li>Ignacio Arce<\/li>\n\n\n\n<li>Jonathan Goitia<\/li>\n\n\n\n<li>Eric Tovo<\/li>\n\n\n\n<li>Nahuel Iribarren<\/li>\n\n\n\n<li>Nicol\u00e1s Dematei<\/li>\n\n\n\n<li>Ferm\u00edn Antonini<\/li>\n\n\n\n<li>Milton C\u00e9liz (c)<\/li>\n\n\n\n<li>Walter Acu\u00f1a<\/li>\n\n\n\n<li>Tom\u00e1s Villoldo<\/li>\n\n\n\n<li>Gustavo Fern\u00e1ndez<\/li>\n\n\n\n<li>Mauro Ort\u00edz<\/li>\n<\/ul>\n\n\n\n<p>Suplentes: Franco Ag\u00fcero, Gustavo Ben\u00edtez, Mario Zaninovich, Jonathan Goya, Gonzalo Bravo, Franco Torres y Samuel Portillo.<\/p>\n\n\n\n<p>DT: Walter Marchesi.<\/p>\n\n\n\n<p><strong>Gol:<\/strong> 15m ST Jonathan Goitia (DR).<\/p>\n\n\n\n<p><strong>Expulsado:<\/strong> 49m ST Alex Luna, por dos amarillas (AR).<\/p>\n\n\n\n<p><strong>Cambios:<\/strong><\/p>\n\n\n\n<ul class=\"wp-block-list\">\n<li>55\u2019 Luna x F\u00fanez (AR)<\/li>\n\n\n\n<li>62\u2019 Albertengo x Valdivia<\/li>\n\n\n\n<li>65\u2019 P. Ram\u00edrez x Ort\u00edz (DR)<\/li>\n\n\n\n<li>75\u2019 J. Ben\u00edtez x Villoldo (DR)<\/li>\n\n\n\n<li>Luciani x Lam\u00e9ndola y Risso Patr\u00f3n x Delgadillo (AR)<\/li>\n\n\n\n<li>88\u2019 Zaninovich x Acu\u00f1a (DR).<\/li>\n<\/ul>\n\n\n\n<p><strong>Estadio:<\/strong> Monumental.<\/p>\n\n\n\n<p><strong>\u00c1rbitro:<\/strong> Sebasti\u00e1n Mart\u00ednez.<\/p>\n\n\n\n<h2 class=\"wp-block-heading\">Conclusi\u00f3n<\/h2>\n\n\n\n<p>A pesar de la derrota sufrida por Atl\u00e9tico de Rafaela ante Deportivo Riestra, el equipo no debe perder la motivaci\u00f3n y la determinaci\u00f3n. Los pr\u00f3ximos partidos ser\u00e1n cruciales para buscar la recuperaci\u00f3n y mejorar su posici\u00f3n en la tabla. El desaf\u00edo ante Ferro Carril Oeste ser\u00e1 una oportunidad para demostrar la capacidad de reacci\u00f3n y el esp\u00edritu competitivo del equipo. Atl\u00e9tico de Rafaela debe aprovechar este momento para analizar sus debilidades y fortalezas, trabajar en equipo y enfocarse en lograr resultados positivos.<br><br>Foto : <a href=\"http:\/\/atleticorafaela.com.ar\/\" target=\"_blank\" rel=\"noreferrer noopener\">Atl\u00e9tico Rafaela<\/a><\/p>\n","protected":false},"excerpt":{"rendered":"<p>Atl\u00e9tico de Rafaela se enfrent\u00f3 al Deportivo Riestra en un emocionante partido disputado en el<\/p>\n","protected":false},"author":1,"featured_media":1323,"comment_status":"closed","ping_status":"closed","sticky":false,"template":"","format":"standard","meta":{"footnotes":""},"categories":[13],"tags":[],"class_list":["post-1322","post","type-post","status-publish","format-standard","has-post-thumbnail","hentry","category-deporte"],"_links":{"self":[{"href":"https:\/\/rafaeladigital.com\/noticias\/wp-json\/wp\/v2\/posts\/1322","targetHints":{"allow":["GET"]}}],"collection":[{"href":"https:\/\/rafaeladigital.com\/noticias\/wp-json\/wp\/v2\/posts"}],"about":[{"href":"https:\/\/rafaeladigital.com\/noticias\/wp-json\/wp\/v2\/types\/post"}],"author":[{"embeddable":true,"href":"https:\/\/rafaeladigital.com\/noticias\/wp-json\/wp\/v2\/users\/1"}],"replies":[{"embeddable":true,"href":"https:\/\/rafaeladigital.com\/noticias\/wp-json\/wp\/v2\/comments?post=1322"}],"version-history":[{"count":2,"href":"https:\/\/rafaeladigital.com\/noticias\/wp-json\/wp\/v2\/posts\/1322\/revisions"}],"predecessor-version":[{"id":1326,"href":"https:\/\/rafaeladigital.com\/noticias\/wp-json\/wp\/v2\/posts\/1322\/revisions\/1326"}],"wp:featuredmedia":[{"embeddable":true,"href":"https:\/\/rafaeladigital.com\/noticias\/wp-json\/wp\/v2\/media\/1323"}],"wp:attachment":[{"href":"https:\/\/rafaeladigital.com\/noticias\/wp-json\/wp\/v2\/media?parent=1322"}],"wp:term":[{"taxonomy":"category","embeddable":true,"href":"https:\/\/rafaeladigital.com\/noticias\/wp-json\/wp\/v2\/categories?post=1322"},{"taxonomy":"post_tag","embeddable":true,"href":"https:\/\/rafaeladigital.com\/noticias\/wp-json\/wp\/v2\/tags?post=1322"}],"curies":[{"name":"wp","href":"https:\/\/api.w.org\/{rel}","templated":true}]}}