{"id":1473,"date":"2023-09-02T12:04:39","date_gmt":"2023-09-02T15:04:39","guid":{"rendered":"https:\/\/rafaeladigital.com\/noticias\/?p=1473"},"modified":"2023-09-02T12:04:44","modified_gmt":"2023-09-02T15:04:44","slug":"la-eleccion-de-diputados-provinciales-determinara-el-futuro-de-santa-fe","status":"publish","type":"post","link":"https:\/\/rafaeladigital.com\/noticias\/la-eleccion-de-diputados-provinciales-determinara-el-futuro-de-santa-fe\/","title":{"rendered":"La elecci\u00f3n de diputados provinciales determinar\u00e1 el futuro de Santa Fe"},"content":{"rendered":"\n<p>Las elecciones de diputados provinciales en Santa Fe se presentan como un momento crucial para el futuro pol\u00edtico de la provincia. El gobernador Omar Perotti se juega su proyecto pol\u00edtico, y no importa si es por un voto, ganar o perder puede cambiarlo todo. Pero no es solo Perotti quien se encuentra en esta encrucijada. Clara Garc\u00eda, Amalia Granata, Carlos Del Frade, Rub\u00e9n Giustiniani y Juan Arga\u00f1araz tambi\u00e9n arriesgan y tienen mucho por ganar o perder. La proyecci\u00f3n pol\u00edtica, el poder, el futuro y el riesgo de ocaso electoral est\u00e1n en juego. En este art\u00edculo, exploraremos los escenarios y las posibilidades de cada uno de estos protagonistas pol\u00edticos.<\/p>\n\n\n\n<p><strong>Los Resultados de las PASO<\/strong><\/p>\n\n\n\n<p>Las elecciones primarias (PASO) provinciales fueron ganadas por Juntos por el Cambio por 90 mil votos, una diferencia importante pero que no determina el resultado de las elecciones generales. La propia Clara Garc\u00eda, Perotti y Granata est\u00e1n dispuestos a dar pelea, y nadie minimiza las chances de los dem\u00e1s. A pesar de la diferencia en estructura, recursos y militancia a favor de Garc\u00eda y Perotti, despu\u00e9s del triunfo de Milei en Santa Fe, todos los escenarios son factibles.<\/p>\n\n\n\n<p><strong>Omar Perotti (Juntos Avancemos)<\/strong><\/p>\n\n\n\n<p>Omar Perotti, representante de Juntos Avancemos, cumpli\u00f3 con la l\u00f3gica y gan\u00f3 la interna con el 53 % de los votos en las PASO, obteniendo 241.218 votos, casi 30 mil m\u00e1s que el resto de los precandidatos de la coalici\u00f3n sumados. Sin embargo, las fortalezas de Perotti comienzan a desdibujarse si profundizamos en el contexto. El PJ sali\u00f3 segundo, con 90 mil votos menos que JxC, y Perotti tuvo malos resultados en las ciudades con mayor cantidad de electores. Problemas de inseguridad que se agravaron en su gesti\u00f3n le pasaron factura en Rosario, donde qued\u00f3 tercero. En Santa Fe, fue segundo. Su proyecto pol\u00edtico de presidir la C\u00e1mara de Diputados y convertirse en el principal referente del peronismo santafesino depende de ganar estas elecciones. Una derrota lo dejar\u00eda sin ninguna de las dos aspiraciones y con un proyecto en crisis terminal.<br><br><strong>Juan Arga\u00f1araz (Viva la libertad)<\/strong><\/p>\n\n\n\n<p>Juan Arga\u00f1araz, actual diputado provincial, se postula a la reelecci\u00f3n. Sus propuestas se apoyan en valores como la defensa de la vida, la libertad, la propiedad privada y la familia. Las expectativas electorales del espacio van de dos a cuatro bancas.<\/p>\n\n\n\n<p>En resumen, las elecciones de diputados provinciales en Santa Fe est\u00e1n llenas de incertidumbre y posibilidades. Cada candidato tiene sus fortalezas y debilidades, y el resultado final determinar\u00e1 el futuro pol\u00edtico de la provincia. Despu\u00e9s del 10 de septiembre, sabremos en qu\u00e9 lugar quedar\u00e1 cada uno de los protagonistas de esta apasionante historia pol\u00edtica.<\/p>\n\n\n\n<p><strong>Amalia Granata (Unite por la Libertad y la Dignidad)<\/strong><\/p>\n\n\n\n<p>Amalia Granata, representante de Unite por la Libertad y la Dignidad, volvi\u00f3 a hacer una buena elecci\u00f3n, aunque sin llegar a la avalancha de votos de 2019. En aquel momento, su lista obtuvo seis bancas. Ahora fue la segunda candidata m\u00e1s votada, con 176.095 sufragios, a pesar de una campa\u00f1a de baja intensidad. Granata conserva un electorado fiel y tiene vigencia para muchos santafesinos. Si logra consolidar Unite en la Legislatura, su proyecci\u00f3n pol\u00edtica saltar\u00eda a otro nivel.<\/p>\n\n\n\n<p><strong>Clara Garc\u00eda (Unidos para cambiar Santa Fe)<\/strong><\/p>\n\n\n\n<p>Clara Garc\u00eda, representante de Unidos para cambiar Santa Fe, gan\u00f3 la interna del partido y se convirti\u00f3 en la gran ganadora de las PASO, pese a quedar por debajo de Perotti y Granata en la sumatoria individual. Ahora, con Unidos abroquelado detr\u00e1s de su candidatura, aspira a quedarse con los 28 lugares que otorga la elecci\u00f3n al vencedor y convertirse en la pr\u00f3xima presidenta de la C\u00e1mara de Diputados. Un triunfo sobre el gobernador tendr\u00eda un alto impacto pol\u00edtico y la transformar\u00eda en una referencia electoral clave en la provincia.<\/p>\n\n\n\n<p><strong>Carlos Del Frade (Frente Amplio por la Soberan\u00eda) y Rub\u00e9n Giustiniani (Igualdad y Participaci\u00f3n)<\/strong><\/p>\n\n\n\n<p>Carlos Del Frade y Rub\u00e9n Giustiniani se disputan el mismo electorado progresista y de centroizquierda. Un buen resultado para ellos ser\u00eda al menos conservar la actual representaci\u00f3n legislativa. Tienen trayectoria y coherencia ideol\u00f3gica a su favor.<\/p>\n\n\n\n<p>Fuente :  <a href=\"https:\/\/sumapolitica.com.ar\/futuro-politico-y-riesgo-de-ocaso-todo-lo-que-esta-en-juego-en-la-carrera-por-la-camara-de-diputados\/\" target=\"_blank\" rel=\"noopener\">Suma Politica<\/a><\/p>\n","protected":false},"excerpt":{"rendered":"<p>Las elecciones de diputados provinciales en Santa Fe se presentan como un momento crucial para<\/p>\n","protected":false},"author":1,"featured_media":1410,"comment_status":"closed","ping_status":"closed","sticky":false,"template":"","format":"standard","meta":{"footnotes":""},"categories":[1],"tags":[],"class_list":["post-1473","post","type-post","status-publish","format-standard","has-post-thumbnail","hentry","category-politica"],"_links":{"self":[{"href":"https:\/\/rafaeladigital.com\/noticias\/wp-json\/wp\/v2\/posts\/1473","targetHints":{"allow":["GET"]}}],"collection":[{"href":"https:\/\/rafaeladigital.com\/noticias\/wp-json\/wp\/v2\/posts"}],"about":[{"href":"https:\/\/rafaeladigital.com\/noticias\/wp-json\/wp\/v2\/types\/post"}],"author":[{"embeddable":true,"href":"https:\/\/rafaeladigital.com\/noticias\/wp-json\/wp\/v2\/users\/1"}],"replies":[{"embeddable":true,"href":"https:\/\/rafaeladigital.com\/noticias\/wp-json\/wp\/v2\/comments?post=1473"}],"version-history":[{"count":1,"href":"https:\/\/rafaeladigital.com\/noticias\/wp-json\/wp\/v2\/posts\/1473\/revisions"}],"predecessor-version":[{"id":1474,"href":"https:\/\/rafaeladigital.com\/noticias\/wp-json\/wp\/v2\/posts\/1473\/revisions\/1474"}],"wp:featuredmedia":[{"embeddable":true,"href":"https:\/\/rafaeladigital.com\/noticias\/wp-json\/wp\/v2\/media\/1410"}],"wp:attachment":[{"href":"https:\/\/rafaeladigital.com\/noticias\/wp-json\/wp\/v2\/media?parent=1473"}],"wp:term":[{"taxonomy":"category","embeddable":true,"href":"https:\/\/rafaeladigital.com\/noticias\/wp-json\/wp\/v2\/categories?post=1473"},{"taxonomy":"post_tag","embeddable":true,"href":"https:\/\/rafaeladigital.com\/noticias\/wp-json\/wp\/v2\/tags?post=1473"}],"curies":[{"name":"wp","href":"https:\/\/api.w.org\/{rel}","templated":true}]}}