{"id":1522,"date":"2023-09-08T14:55:55","date_gmt":"2023-09-08T17:55:55","guid":{"rendered":"https:\/\/rafaeladigital.com\/noticias\/?p=1522"},"modified":"2023-09-08T14:56:00","modified_gmt":"2023-09-08T17:56:00","slug":"juan-arganaraz-la-legislatura-tiene-que-seguir-teniendo-una-voz-que-defienda-la-vida-la-libertad-y-la-propiedad-privada","status":"publish","type":"post","link":"https:\/\/rafaeladigital.com\/noticias\/juan-arganaraz-la-legislatura-tiene-que-seguir-teniendo-una-voz-que-defienda-la-vida-la-libertad-y-la-propiedad-privada\/","title":{"rendered":"Juan Arga\u00f1araz: La Legislatura tiene que seguir teniendo una voz que defienda la vida, la libertad y la propiedad privada"},"content":{"rendered":"\n<p>En la arena pol\u00edtica argentina, donde las voces se entrecruzan y las ideolog\u00edas chocan, Juan Arga\u00f1araz emerge como una figura destacada que aboga por los principios fundamentales de la vida, la libertad y la propiedad privada. A lo largo de este art\u00edculo, exploraremos la vida y las creencias de este influyente legislador y su relaci\u00f3n con el l\u00edder libertario, Javier Milei.<\/p>\n\n\n\n<h2 class=\"wp-block-heading\">El Compromiso con los Valores<\/h2>\n\n\n\n<p>Arga\u00f1araz, un defensor apasionado de la vida y la libertad individual, ha dejado huella en la Legislatura a trav\u00e9s de su compromiso incansable con estos valores. En un pa\u00eds diverso en t\u00e9rminos de ideolog\u00eda pol\u00edtica, destaca por su firmeza en la defensa de estos pilares fundamentales.<\/p>\n\n\n\n<h3 class=\"wp-block-heading\">Una Ligaz\u00f3n con Javier Milei<\/h3>\n\n\n\n<p>Si bien la pol\u00edtica a menudo se caracteriza por las diferencias, Juan Arga\u00f1araz encuentra terreno com\u00fan con el l\u00edder libertario, Javier Milei. Sin embargo, como en cualquier espacio pol\u00edtico, existen divergencias. Uno de los temas en los que discrepan es el asunto de los \u00f3rganos. A pesar de estas diferencias, Arga\u00f1araz destaca que comparten un 60% o incluso un 70% de las ideas que Milei promueve.<\/p>\n\n\n\n<h3 class=\"wp-block-heading\">Contribuciones Significativas<\/h3>\n\n\n\n<p>El trabajo de Arga\u00f1araz en la Legislatura es notorio. Ha presentado m\u00e1s de 1300 proyectos, abordando una amplia variedad de temas. Adem\u00e1s, ha brindado capacitaciones a m\u00e1s de mil empresarios PyMES y emprendedores, contribuyendo al crecimiento econ\u00f3mico y empresarial en la provincia.<\/p>\n\n\n\n<h3 class=\"wp-block-heading\">Los Valores que Defienden<\/h3>\n\n\n\n<p>Juan Arga\u00f1araz es claro en sus principios. \u00abPregonamos los valores que defendemos,\u00bb afirma. Su enfoque sigue siendo el de mantener una voz fuerte en la Legislatura que luche por la vida, la libertad y la propiedad privada. En un mundo pol\u00edtico en constante evoluci\u00f3n, su dedicaci\u00f3n a estos principios es admirable.<\/p>\n\n\n\n<h2 class=\"wp-block-heading\">La Dimensi\u00f3n de Nuestra Provincia<\/h2>\n\n\n\n<p>Arga\u00f1araz tambi\u00e9n hace hincapi\u00e9 en la vasta extensi\u00f3n geogr\u00e1fica de su provincia. Santa Fe es tan grande que se asemeja a un pa\u00eds en s\u00ed mismo. En un viaje a El Salvador, Arga\u00f1araz y su equipo quedaron asombrados al descubrir que Santa Fe superaba en dimensiones a este pa\u00eds centroamericano. Durante su visita, tuvieron la oportunidad de reunirse con el vicepresidente salvadore\u00f1o, quien les cont\u00f3 sobre un incre\u00edble logro: 400 d\u00edas sin un solo homicidio en su pa\u00eds.<\/p>\n\n\n\n<h3 class=\"wp-block-heading\">Lecciones Aprendidas<\/h3>\n\n\n\n<p>El viaje no solo les proporcion\u00f3 una visi\u00f3n de la situaci\u00f3n con las maras, sino tambi\u00e9n una lecci\u00f3n valiosa sobre la reconstrucci\u00f3n del tejido social urbano. Estas experiencias han influido en la perspectiva de Arga\u00f1araz sobre la importancia de la seguridad y la cohesi\u00f3n social en su propia provincia.<\/p>\n\n\n\n<h2 class=\"wp-block-heading\">Conclusi\u00f3n<\/h2>\n\n\n\n<p>En resumen, Juan Arga\u00f1araz es un legislador que ha dejado su marca en la pol\u00edtica argentina, defendiendo con pasi\u00f3n la vida, la libertad y la propiedad privada. A pesar de las diferencias ideol\u00f3gicas, su colaboraci\u00f3n con l\u00edderes como Javier Milei refleja su deseo de encontrar terreno com\u00fan y avanzar en la protecci\u00f3n de estos valores fundamentales.<\/p>\n\n\n\n<p>Siendo conscientes de la vasta extensi\u00f3n de Santa Fe y las lecciones aprendidas en El Salvador, queda claro que Arga\u00f1araz no solo se preocupa por los valores, sino tambi\u00e9n por la seguridad y la cohesi\u00f3n social en su provincia.<\/p>\n","protected":false},"excerpt":{"rendered":"<p>En la arena pol\u00edtica argentina, donde las voces se entrecruzan y las ideolog\u00edas chocan, Juan<\/p>\n","protected":false},"author":1,"featured_media":1523,"comment_status":"closed","ping_status":"closed","sticky":false,"template":"","format":"standard","meta":{"footnotes":""},"categories":[1],"tags":[],"class_list":["post-1522","post","type-post","status-publish","format-standard","has-post-thumbnail","hentry","category-politica"],"_links":{"self":[{"href":"https:\/\/rafaeladigital.com\/noticias\/wp-json\/wp\/v2\/posts\/1522","targetHints":{"allow":["GET"]}}],"collection":[{"href":"https:\/\/rafaeladigital.com\/noticias\/wp-json\/wp\/v2\/posts"}],"about":[{"href":"https:\/\/rafaeladigital.com\/noticias\/wp-json\/wp\/v2\/types\/post"}],"author":[{"embeddable":true,"href":"https:\/\/rafaeladigital.com\/noticias\/wp-json\/wp\/v2\/users\/1"}],"replies":[{"embeddable":true,"href":"https:\/\/rafaeladigital.com\/noticias\/wp-json\/wp\/v2\/comments?post=1522"}],"version-history":[{"count":1,"href":"https:\/\/rafaeladigital.com\/noticias\/wp-json\/wp\/v2\/posts\/1522\/revisions"}],"predecessor-version":[{"id":1524,"href":"https:\/\/rafaeladigital.com\/noticias\/wp-json\/wp\/v2\/posts\/1522\/revisions\/1524"}],"wp:featuredmedia":[{"embeddable":true,"href":"https:\/\/rafaeladigital.com\/noticias\/wp-json\/wp\/v2\/media\/1523"}],"wp:attachment":[{"href":"https:\/\/rafaeladigital.com\/noticias\/wp-json\/wp\/v2\/media?parent=1522"}],"wp:term":[{"taxonomy":"category","embeddable":true,"href":"https:\/\/rafaeladigital.com\/noticias\/wp-json\/wp\/v2\/categories?post=1522"},{"taxonomy":"post_tag","embeddable":true,"href":"https:\/\/rafaeladigital.com\/noticias\/wp-json\/wp\/v2\/tags?post=1522"}],"curies":[{"name":"wp","href":"https:\/\/api.w.org\/{rel}","templated":true}]}}