{"id":1562,"date":"2023-09-09T15:37:33","date_gmt":"2023-09-09T18:37:33","guid":{"rendered":"https:\/\/rafaeladigital.com\/noticias\/?p=1562"},"modified":"2023-09-09T15:37:39","modified_gmt":"2023-09-09T18:37:39","slug":"un-fuerte-sismo-en-marruecos-dejo-mas-de-1000-muertos-y-miles-de-heridos","status":"publish","type":"post","link":"https:\/\/rafaeladigital.com\/noticias\/un-fuerte-sismo-en-marruecos-dejo-mas-de-1000-muertos-y-miles-de-heridos\/","title":{"rendered":"Un fuerte sismo en Marruecos dej\u00f3 m\u00e1s de 1000 muertos y miles de heridos"},"content":{"rendered":"\n<p>El mundo se estremeci\u00f3: una tragedia sacudi\u00f3 Marruecos. Un terremoto de 6.8 grados de magnitud con epicentro cerca de la tur\u00edstica ciudad de Marrakech caus\u00f3 la muerte de al menos 1000 personas y dej\u00f3 a miles heridas. En este art\u00edculo, exploraremos los detalles de este devastador evento, las reacciones de l\u00edderes mundiales y la solidaridad internacional.<\/p>\n\n\n\n<h2 class=\"wp-block-heading\">El impacto del sismo<\/h2>\n\n\n\n<h3 class=\"wp-block-heading\">Caos en las provincias y municipios<\/h3>\n\n\n\n<p>El fuerte sismo provoc\u00f3 el colapso de numerosos edificios en las provincias y municipios de al Hauz, Tarudant, Chichaoua, Uarzazate y Marrakech, en el suroeste de Marruecos. La devastaci\u00f3n se extendi\u00f3 a lo largo del pa\u00eds, llegando hasta la capital, Rabat, y ciudades costeras como Casablanca y Esauira, as\u00ed como al pa\u00eds vecino, Argelia.<\/p>\n\n\n\n<h3 class=\"wp-block-heading\">La reacci\u00f3n de Joe Biden<\/h3>\n\n\n\n<p>El presidente estadounidense, Joe Biden, expres\u00f3 su \u00abprofunda tristeza\u00bb por las v\u00edctimas del sismo y afirm\u00f3 que su pa\u00eds est\u00e1 \u00ablisto para brindar cualquier asistencia necesaria\u00bb. Desde Nueva Delhi, donde asist\u00eda a la cumbre del G20, Biden comparti\u00f3 sus condolencias y ofreci\u00f3 apoyo a Marruecos en este momento cr\u00edtico.<\/p>\n\n\n\n<figure class=\"wp-block-embed is-type-video is-provider-youtube wp-block-embed-youtube wp-embed-aspect-16-9 wp-has-aspect-ratio\"><div class=\"wp-block-embed__wrapper\">\n<iframe title=\"Impactante v\u00eddeo del terremoto de Marruecos: la gente huye despavorida por la calle\" width=\"640\" height=\"360\" data-src=\"https:\/\/www.youtube.com\/embed\/ZAAOckeZg_Q?feature=oembed\" frameborder=\"0\" allow=\"accelerometer; autoplay; clipboard-write; encrypted-media; gyroscope; picture-in-picture; web-share\" referrerpolicy=\"strict-origin-when-cross-origin\" allowfullscreen src=\"data:image\/svg+xml;base64,PHN2ZyB3aWR0aD0iMSIgaGVpZ2h0PSIxIiB4bWxucz0iaHR0cDovL3d3dy53My5vcmcvMjAwMC9zdmciPjwvc3ZnPg==\" class=\"lazyload\" data-load-mode=\"1\"><\/iframe>\n<\/div><\/figure>\n\n\n\n<h2 class=\"wp-block-heading\">Detalles del terremoto<\/h2>\n\n\n\n<h3 class=\"wp-block-heading\">Profundidad y epicentro<\/h3>\n\n\n\n<p>El Servicio Geol\u00f3gico de Estados Unidos (USGS) inform\u00f3 que el terremoto se produjo a una profundidad de 18.5 kil\u00f3metros, con su epicentro situado a 71 kil\u00f3metros al suroeste de Marrakech, a las 23:11 horas locales. Esta ubicaci\u00f3n aument\u00f3 la intensidad del temblor y su impacto en la regi\u00f3n.<\/p>\n\n\n\n<h3 class=\"wp-block-heading\">Testimonios impactantes<\/h3>\n\n\n\n<p>Los relatos de los testigos del terremoto son desgarradores. Abdelhak el Amrani, un habitante de Marrakech de 33 a\u00f1os, describi\u00f3 la experiencia como una sacudida violenta que dej\u00f3 a la gente conmocionada y en p\u00e1nico. Los edificios se tambalearon, y la poblaci\u00f3n se vio desamparada en medio del caos.<\/p>\n\n\n\n<h2 class=\"wp-block-heading\">Consecuencias y solidaridad<\/h2>\n\n\n\n<h3 class=\"wp-block-heading\">El sismo m\u00e1s potente registrado<\/h3>\n\n\n\n<p>Los medios marroqu\u00edes informaron que este es el sismo m\u00e1s potente registrado en el reino de Marruecos en el norte de \u00c1frica. La magnitud de la tragedia moviliz\u00f3 a las autoridades locales, quienes desplegaron todos los recursos necesarios para ayudar en las zonas afectadas.<\/p>\n\n\n\n<h3 class=\"wp-block-heading\">Llamado a la donaci\u00f3n de sangre<\/h3>\n\n\n\n<p>Los hospitales en Marrakech se enfrentaron a un ingreso masivo de heridos, lo que llev\u00f3 al centro local de transfusi\u00f3n de sangre a emitir un llamado a la poblaci\u00f3n para hacer donaciones. La solidaridad de la comunidad es crucial en momentos como este.<\/p>\n\n\n\n<h2 class=\"wp-block-heading\">Impacto en la poblaci\u00f3n<\/h2>\n\n\n\n<h3 class=\"wp-block-heading\">Escenas de caos y miedo<\/h3>\n\n\n\n<p>Los videos capturados durante el terremoto muestran a los habitantes huyendo de edificios en ruinas y escombros cayendo en estrechos callejones. En la famosa plaza Yamaa el Fna, en el coraz\u00f3n de Marrakech, el minarete de una mezquita colaps\u00f3 y caus\u00f3 heridas a dos personas. Cientos de personas pasaron la noche en la plaza debido al temor a r\u00e9plicas.<\/p>\n\n\n\n<h3 class=\"wp-block-heading\">Testimonios de sobrevivientes<\/h3>\n\n\n\n<p>Testimonios como el de Mimi Theobald, una turista inglesa de 25 a\u00f1os, destacan la intensidad de la experiencia. Mesas temblando y platos volando provocaron p\u00e1nico entre los comensales. Fayssal Badour, de 58 a\u00f1os, se encontraba en su coche y describi\u00f3 la escena como una cat\u00e1strofe.<\/p>\n\n\n\n<h2 class=\"wp-block-heading\">Solidaridad internacional<\/h2>\n\n\n\n<h3 class=\"wp-block-heading\">Apoyo desde la Cumbre del G20<\/h3>\n\n\n\n<p>Adem\u00e1s de Joe Biden, varios mandatarios reunidos en la Cumbre del G20 en India expresaron su solidaridad. El presidente del gobierno de Espa\u00f1a, Pedro S\u00e1nchez, y el presidente franc\u00e9s, Emmanuel Macron, se unieron a las condolencias. Tambi\u00e9n l\u00edderes como Vladimir Putin, Volodomir Zelenski y Recep Tayyip Erdogan expresaron sus condolencias y solidaridad. La Uni\u00f3n Africana comparti\u00f3 su \u00abgran dolor\u00bb por la tragedia.<\/p>\n\n\n\n<h2 class=\"wp-block-heading\">Historia s\u00edsmica de Marruecos<\/h2>\n\n\n\n<h3 class=\"wp-block-heading\">Un pa\u00eds propenso a terremotos<\/h3>\n\n\n\n<p>Marruecos se encuentra en una regi\u00f3n s\u00edsmicamente activa debido a su ubicaci\u00f3n entre las placas africana y euroasi\u00e1tica. En 2004, el pa\u00eds sufri\u00f3 otro terremoto que dej\u00f3 un saldo tr\u00e1gico de 628 muertos y 926 heridos en Alhucemas, al noreste del pa\u00eds.<\/p>\n\n\n\n<h2 class=\"wp-block-heading\">Conclusi\u00f3n<\/h2>\n\n\n\n<p>El fuerte sismo en Marruecos ha dejado una profunda marca en la naci\u00f3n y ha conmovido al mundo entero. La solidaridad internacional, expresada por l\u00edderes de todo el mundo, es un rayo de esperanza en medio de esta tragedia. Nuestros pensamientos y oraciones est\u00e1n con las personas afectadas por esta terrible situaci\u00f3n.<\/p>\n","protected":false},"excerpt":{"rendered":"<p>El mundo se estremeci\u00f3: una tragedia sacudi\u00f3 Marruecos. Un terremoto de 6.8 grados de magnitud<\/p>\n","protected":false},"author":1,"featured_media":1563,"comment_status":"closed","ping_status":"closed","sticky":false,"template":"","format":"standard","meta":{"footnotes":""},"categories":[14],"tags":[],"class_list":["post-1562","post","type-post","status-publish","format-standard","has-post-thumbnail","hentry","category-cultura-sociedad"],"_links":{"self":[{"href":"https:\/\/rafaeladigital.com\/noticias\/wp-json\/wp\/v2\/posts\/1562","targetHints":{"allow":["GET"]}}],"collection":[{"href":"https:\/\/rafaeladigital.com\/noticias\/wp-json\/wp\/v2\/posts"}],"about":[{"href":"https:\/\/rafaeladigital.com\/noticias\/wp-json\/wp\/v2\/types\/post"}],"author":[{"embeddable":true,"href":"https:\/\/rafaeladigital.com\/noticias\/wp-json\/wp\/v2\/users\/1"}],"replies":[{"embeddable":true,"href":"https:\/\/rafaeladigital.com\/noticias\/wp-json\/wp\/v2\/comments?post=1562"}],"version-history":[{"count":1,"href":"https:\/\/rafaeladigital.com\/noticias\/wp-json\/wp\/v2\/posts\/1562\/revisions"}],"predecessor-version":[{"id":1564,"href":"https:\/\/rafaeladigital.com\/noticias\/wp-json\/wp\/v2\/posts\/1562\/revisions\/1564"}],"wp:featuredmedia":[{"embeddable":true,"href":"https:\/\/rafaeladigital.com\/noticias\/wp-json\/wp\/v2\/media\/1563"}],"wp:attachment":[{"href":"https:\/\/rafaeladigital.com\/noticias\/wp-json\/wp\/v2\/media?parent=1562"}],"wp:term":[{"taxonomy":"category","embeddable":true,"href":"https:\/\/rafaeladigital.com\/noticias\/wp-json\/wp\/v2\/categories?post=1562"},{"taxonomy":"post_tag","embeddable":true,"href":"https:\/\/rafaeladigital.com\/noticias\/wp-json\/wp\/v2\/tags?post=1562"}],"curies":[{"name":"wp","href":"https:\/\/api.w.org\/{rel}","templated":true}]}}