{"id":1578,"date":"2023-09-20T17:31:12","date_gmt":"2023-09-20T20:31:12","guid":{"rendered":"https:\/\/rafaeladigital.com\/noticias\/?p=1578"},"modified":"2023-09-20T17:48:50","modified_gmt":"2023-09-20T20:48:50","slug":"atletico-de-rafaela-supera-al-deportivo-maipu-2-0-con-goles-de-taca-bieler-y-nazareno-funez","status":"publish","type":"post","link":"https:\/\/rafaeladigital.com\/noticias\/atletico-de-rafaela-supera-al-deportivo-maipu-2-0-con-goles-de-taca-bieler-y-nazareno-funez\/","title":{"rendered":"Atl\u00e9tico de Rafaela Supera al Deportivo Maip\u00fa 2-0 con Goles de Taca Bieler y Nazareno F\u00fanez"},"content":{"rendered":"\n<p>El domingo en un emocionante encuentro de la fecha 30 de la zona B de la Primera Nacional, el Atl\u00e9tico de Rafaela se enfrent\u00f3 al Deportivo Maip\u00fa en el Monumental de barrio Alberdi. Los aficionados fueron testigos de un juego lleno de acci\u00f3n que culmin\u00f3 con una victoria 2-0 a favor de la Crema.<\/p>\n\n\n\n<h2 class=\"wp-block-heading\">Taca Bieler Anota el Primer Gol<\/h2>\n\n\n\n<p>El momento crucial lleg\u00f3 a los 43 minutos del primer tiempo cuando el legendario goleador albiceleste, Claudio Bieler, se levant\u00f3 para conectar un c\u00f3rner con un certero cabezazo que puso a su equipo en ventaja con un marcador de 1-0. Este gol no solo emocion\u00f3 a los fan\u00e1ticos de Atl\u00e9tico de Rafaela, sino que tambi\u00e9n marc\u00f3 un hito en la carrera de Bieler.<\/p>\n\n\n\n<figure class=\"wp-block-embed is-type-video is-provider-youtube wp-block-embed-youtube wp-embed-aspect-16-9 wp-has-aspect-ratio\"><div class=\"wp-block-embed__wrapper\">\n<iframe title=\"Alt Rafaela 2 \/\/ Dep Maipu (Mza) 0 (Primera Nacional)\" width=\"640\" height=\"360\" data-src=\"https:\/\/www.youtube.com\/embed\/iWmLntl8SSc?feature=oembed\" frameborder=\"0\" allow=\"accelerometer; autoplay; clipboard-write; encrypted-media; gyroscope; picture-in-picture; web-share\" referrerpolicy=\"strict-origin-when-cross-origin\" allowfullscreen src=\"data:image\/svg+xml;base64,PHN2ZyB3aWR0aD0iMSIgaGVpZ2h0PSIxIiB4bWxucz0iaHR0cDovL3d3dy53My5vcmcvMjAwMC9zdmciPjwvc3ZnPg==\" class=\"lazyload\" data-load-mode=\"1\"><\/iframe>\n<\/div><\/figure>\n\n\n\n<h2 class=\"wp-block-heading\">Nazareno F\u00fanez Aumenta la Ventaja<\/h2>\n\n\n\n<p>El segundo gol de la tarde lleg\u00f3 a los 39 minutos del complemento. En una jugada de contraataque perfectamente ejecutada por la Crema, Nazareno F\u00fanez se desmarc\u00f3 y defini\u00f3 cruzado para anotar el 2-0. La habilidad y precisi\u00f3n de F\u00fanez fueron fundamentales para asegurar la victoria de su equipo.<\/p>\n\n\n\n<h2 class=\"wp-block-heading\">Expulsiones y Penal Fallido<\/h2>\n\n\n\n<p>El partido no estuvo exento de emociones y controversias. Sobre el final de la primera parte, dos jugadores fueron expulsados: Alex Luna en el equipo local y Santiago Gonz\u00e1lez en la visita. Adem\u00e1s, a los 14 minutos del complemento, el \u00e1rbitro Franklin cobr\u00f3 un penal desde 40 metros a favor de Atl\u00e9tico de Rafaela. Marcelo Eggel fue el encargado de ejecutarlo, pero lamentablemente estrell\u00f3 su remate en el travesa\u00f1o.<\/p>\n\n\n\n<h2 class=\"wp-block-heading\">Pr\u00f3ximo Desaf\u00edo para Atl\u00e9tico de Rafaela<\/h2>\n\n\n\n<p>Despu\u00e9s de esta emocionante victoria, el pr\u00f3ximo desaf\u00edo para Atl\u00e9tico de Rafaela ser\u00e1 como visitante el viernes 22 de septiembre ante Independiente Rivadavia. Los fan\u00e1ticos podr\u00e1n disfrutar de este juego que ser\u00e1 televisado por TYC Sports a las 21.10hs.<\/p>\n\n\n\n<h2 class=\"wp-block-heading\">Posiciones en la Tabla<\/h2>\n\n\n\n<p>Las posiciones en la tabla muestran un panorama competitivo en la zona B de la Primera Nacional. Chacarita lidera con 61 puntos, seguido de cerca por Deportivo Maip\u00fa con 58 puntos e Independiente Rivadavia tambi\u00e9n con 58 puntos. Atl\u00e9tico de Rafaela se encuentra en una s\u00f3lida cuarta posici\u00f3n con 52 puntos, lo que promete un emocionante cierre de temporada.<\/p>\n\n\n\n<h2 class=\"wp-block-heading\">Formaciones de los Equipos<\/h2>\n\n\n\n<p>A continuaci\u00f3n, las formaciones de los equipos:<\/p>\n\n\n\n<p><strong>Atl\u00e9tico de Rafaela:<\/strong><\/p>\n\n\n\n<ul class=\"wp-block-list\">\n<li>Marcos Peano<\/li>\n\n\n\n<li>Ayrton Portillo<\/li>\n\n\n\n<li>Fabricio Fontanini<\/li>\n\n\n\n<li>Agust\u00edn Bravo<\/li>\n\n\n\n<li>Gabriel Risso Patr\u00f3n<\/li>\n\n\n\n<li>Nicol\u00e1s Lam\u00e9ndola<\/li>\n\n\n\n<li>Mat\u00edas Fissore<\/li>\n\n\n\n<li>Facundo Soloa<\/li>\n\n\n\n<li>Manuel Ignacio Lago<\/li>\n\n\n\n<li>Alex Luna<\/li>\n\n\n\n<li>Claudio Bieler<\/li>\n<\/ul>\n\n\n\n<p>Suplentes: Mayco Bergia, Gast\u00f3n Tellechea, Mat\u00edas Olgu\u00edn, Thob\u00edas Ar\u00e9valo y Gino Albertengo.<\/p>\n\n\n\n<p><strong>Deportivo Maip\u00fa:<\/strong><\/p>\n\n\n\n<ul class=\"wp-block-list\">\n<li>Juan Pablo Cozzani<\/li>\n\n\n\n<li>Santiago Moyano<\/li>\n\n\n\n<li>Nicol\u00e1s Agorreca<\/li>\n\n\n\n<li>Imanol Gonz\u00e1lez<\/li>\n\n\n\n<li>Guillermo Ferracuti<\/li>\n\n\n\n<li>Agust\u00edn Manzur<\/li>\n\n\n\n<li>Fausto Montero<\/li>\n\n\n\n<li>Marcelo Eggel<\/li>\n\n\n\n<li>Luciano Herrera<\/li>\n\n\n\n<li>Santiago Gonz\u00e1lez<\/li>\n\n\n\n<li>Ezequiel Almir\u00f3n<\/li>\n<\/ul>\n\n\n\n<p>Suplentes: Gonzalo Rehak, Felipe Coronel, Emiliano Ozuna, Rodrigo Ram\u00edrez.<\/p>\n\n\n\n<h2 class=\"wp-block-heading\">Goles y Tarjetas<\/h2>\n\n\n\n<p>Los goles del partido fueron anotados por Claudio Bieler (Atl\u00e9tico de Rafaela) a los 43 minutos del primer tiempo y Nazareno F\u00fanez (Atl\u00e9tico de Rafaela) a los 39 minutos del segundo tiempo. En cuanto a tarjetas, Alex Luna y Fabricio Fontanini (Atl\u00e9tico de Rafaela) recibieron amarillas, mientras que Santiago Moyano (Deportivo Maip\u00fa) tambi\u00e9n vio la tarjeta amarilla.<\/p>\n\n\n\n<h2 class=\"wp-block-heading\">Estadio y \u00c1rbitros<\/h2>\n\n\n\n<p>El emocionante partido se llev\u00f3 a cabo en el Estadio Monumental, y el \u00e1rbitro encargado de impartir justicia fue Adri\u00e1n Franklin, quien estuvo acompa\u00f1ado por los asistentes Manuel S\u00e1nchez y Guido C\u00f3rdoba, con Dar\u00edo Sandoval como cuarto \u00e1rbitro.<\/p>\n\n\n\n<p>Con esta emocionante victoria, Atl\u00e9tico de Rafaela sigue demostrando su fortaleza en la liga y mantiene viva la esperanza de alcanzar los primeros puestos de la tabla. Los fan\u00e1ticos esperan con ansias el pr\u00f3ximo enfrentamiento y continuar apoyando a su equipo en esta apasionante temporada de f\u00fatbol.<\/p>\n\n\n\n<p>Fuente: <a href=\"https:\/\/atleticorafaela.com.ar\/\" target=\"_blank\" rel=\"noopener\">Atletico Rafaela<\/a><\/p>\n","protected":false},"excerpt":{"rendered":"<p>El domingo en un emocionante encuentro de la fecha 30 de la zona B de<\/p>\n","protected":false},"author":1,"featured_media":1579,"comment_status":"closed","ping_status":"closed","sticky":false,"template":"","format":"standard","meta":{"footnotes":""},"categories":[13],"tags":[],"class_list":["post-1578","post","type-post","status-publish","format-standard","has-post-thumbnail","hentry","category-deporte"],"_links":{"self":[{"href":"https:\/\/rafaeladigital.com\/noticias\/wp-json\/wp\/v2\/posts\/1578","targetHints":{"allow":["GET"]}}],"collection":[{"href":"https:\/\/rafaeladigital.com\/noticias\/wp-json\/wp\/v2\/posts"}],"about":[{"href":"https:\/\/rafaeladigital.com\/noticias\/wp-json\/wp\/v2\/types\/post"}],"author":[{"embeddable":true,"href":"https:\/\/rafaeladigital.com\/noticias\/wp-json\/wp\/v2\/users\/1"}],"replies":[{"embeddable":true,"href":"https:\/\/rafaeladigital.com\/noticias\/wp-json\/wp\/v2\/comments?post=1578"}],"version-history":[{"count":2,"href":"https:\/\/rafaeladigital.com\/noticias\/wp-json\/wp\/v2\/posts\/1578\/revisions"}],"predecessor-version":[{"id":1586,"href":"https:\/\/rafaeladigital.com\/noticias\/wp-json\/wp\/v2\/posts\/1578\/revisions\/1586"}],"wp:featuredmedia":[{"embeddable":true,"href":"https:\/\/rafaeladigital.com\/noticias\/wp-json\/wp\/v2\/media\/1579"}],"wp:attachment":[{"href":"https:\/\/rafaeladigital.com\/noticias\/wp-json\/wp\/v2\/media?parent=1578"}],"wp:term":[{"taxonomy":"category","embeddable":true,"href":"https:\/\/rafaeladigital.com\/noticias\/wp-json\/wp\/v2\/categories?post=1578"},{"taxonomy":"post_tag","embeddable":true,"href":"https:\/\/rafaeladigital.com\/noticias\/wp-json\/wp\/v2\/tags?post=1578"}],"curies":[{"name":"wp","href":"https:\/\/api.w.org\/{rel}","templated":true}]}}