{"id":1616,"date":"2023-09-22T09:41:32","date_gmt":"2023-09-22T12:41:32","guid":{"rendered":"https:\/\/rafaeladigital.com\/noticias\/?p=1616"},"modified":"2023-09-22T09:41:41","modified_gmt":"2023-09-22T12:41:41","slug":"preparativos-y-detalles-del-maraton-21k-de-rafaela-en-homenaje-a-daniel-tecla-farias","status":"publish","type":"post","link":"https:\/\/rafaeladigital.com\/noticias\/preparativos-y-detalles-del-maraton-21k-de-rafaela-en-homenaje-a-daniel-tecla-farias\/","title":{"rendered":"Preparativos y Detalles del Marat\u00f3n 21K de Rafaela en Homenaje a Daniel \u00abTecla\u00bb Far\u00edas\u00bb"},"content":{"rendered":"\n<p>El pr\u00f3ximo domingo 8 de octubre se llevar\u00e1 a cabo el Marat\u00f3n 21K de nuestra ciudad, en honor a \u00abDaniel \u00abTecla\u00bb Far\u00edas\u00bb. La carrera comenzar\u00e1 a las 8:00 a.m., con la salida ubicada frente al edificio municipal.<\/p>\n\n\n\n<p>Habr\u00e1 tres categor\u00edas competitivas: 21K, 10K y 5K, adem\u00e1s de una caminata recreativa de 5 kil\u00f3metros que no requiere inscripci\u00f3n previa. La inscripci\u00f3n para las categor\u00edas competitivas estar\u00e1 abierta hasta el viernes 6 de octubre a trav\u00e9s del sitio web de la Municipalidad <a href=\"http:\/\/www.rafaela.gob.ar\/\" target=\"_blank\" rel=\"noopener\">www.rafaela.gob.ar<\/a>.<\/p>\n\n\n\n<p>La fiscalizaci\u00f3n de la competencia estar\u00e1 a cargo de Adrenaline Time, y puedes encontrar el circuito en el mismo enlace mencionado anteriormente, que ser\u00e1 el mismo que el a\u00f1o pasado.<\/p>\n\n\n\n<p>El subsecretario de Deportes y Recreaci\u00f3n, Ignacio Podio, inform\u00f3 que las inscripciones van en buen camino y que la entrega de los kits se llevar\u00e1 a cabo el s\u00e1bado 7 en la sucursal de Red Megatone ubicada en bulevar Santa Fe 280, de 9:00 a 18:00.<\/p>\n\n\n\n<p>Podio destac\u00f3 que este evento se lleva a cabo en los meses de septiembre u octubre, teniendo en cuenta las fechas de carreras a nivel nacional. El objetivo es permitir que los corredores puedan participar en varias de ellas.<\/p>\n\n\n\n<p>Esta ser\u00e1 la edici\u00f3n n\u00famero 13 del marat\u00f3n, que comenz\u00f3 durante la primera gesti\u00f3n del intendente Luis Castellano y se ha fortalecido a lo largo de los a\u00f1os, convirti\u00e9ndose en un gran evento para la ciudad.<\/p>\n\n\n\n<p>En cuanto a los premios, se otorgar\u00e1 dinero en efectivo a los ganadores de cada categor\u00eda, y aquellos que se inscriban tendr\u00e1n la oportunidad de participar en sorteos de televisores, bicicletas, termos, auriculares inal\u00e1mbricos y relojes.<\/p>\n\n\n\n<p>Ignacio Podio agradeci\u00f3 a los patrocinadores por su apoyo, que ha permitido que el evento alcance un alto nivel de calidad para la comunidad de Rafaela. Las empresas e instituciones que respaldan la carrera son: Banco Santa Fe, Gobierno de la Provincia de Santa Fe, Sancor Salud, Loter\u00eda de Santa Fe, Ping\u00fcino, Megatone, Bicicletas Delma, Limansky, Ilolay y Bertolachini.<\/p>\n\n\n\n<p>Para aquellos que deseen prepararse mejor para la carrera, el lunes 25 de septiembre a las 19:00 se llevar\u00e1 a cabo una charla gratuita en el DIAT (De\u00e1n Funes 1145) sobre RCP, nutrici\u00f3n deportiva para optimizar el rendimiento, ejercicios de activaci\u00f3n y cuidado podol\u00f3gico para los pies.<\/p>\n\n\n\n<p>Fuente: <a href=\"https:\/\/rafaela.gob.ar\/Sitio\/#\/Noticias\/1\/Detalle\/27219\" target=\"_blank\" rel=\"noopener\">Municipalidad de Rafaela<\/a><\/p>\n","protected":false},"excerpt":{"rendered":"<p>El pr\u00f3ximo domingo 8 de octubre se llevar\u00e1 a cabo el Marat\u00f3n 21K de nuestra<\/p>\n","protected":false},"author":1,"featured_media":1617,"comment_status":"closed","ping_status":"closed","sticky":false,"template":"","format":"standard","meta":{"footnotes":""},"categories":[13,19],"tags":[],"class_list":["post-1616","post","type-post","status-publish","format-standard","has-post-thumbnail","hentry","category-deporte","category-sociedad"],"_links":{"self":[{"href":"https:\/\/rafaeladigital.com\/noticias\/wp-json\/wp\/v2\/posts\/1616","targetHints":{"allow":["GET"]}}],"collection":[{"href":"https:\/\/rafaeladigital.com\/noticias\/wp-json\/wp\/v2\/posts"}],"about":[{"href":"https:\/\/rafaeladigital.com\/noticias\/wp-json\/wp\/v2\/types\/post"}],"author":[{"embeddable":true,"href":"https:\/\/rafaeladigital.com\/noticias\/wp-json\/wp\/v2\/users\/1"}],"replies":[{"embeddable":true,"href":"https:\/\/rafaeladigital.com\/noticias\/wp-json\/wp\/v2\/comments?post=1616"}],"version-history":[{"count":1,"href":"https:\/\/rafaeladigital.com\/noticias\/wp-json\/wp\/v2\/posts\/1616\/revisions"}],"predecessor-version":[{"id":1618,"href":"https:\/\/rafaeladigital.com\/noticias\/wp-json\/wp\/v2\/posts\/1616\/revisions\/1618"}],"wp:featuredmedia":[{"embeddable":true,"href":"https:\/\/rafaeladigital.com\/noticias\/wp-json\/wp\/v2\/media\/1617"}],"wp:attachment":[{"href":"https:\/\/rafaeladigital.com\/noticias\/wp-json\/wp\/v2\/media?parent=1616"}],"wp:term":[{"taxonomy":"category","embeddable":true,"href":"https:\/\/rafaeladigital.com\/noticias\/wp-json\/wp\/v2\/categories?post=1616"},{"taxonomy":"post_tag","embeddable":true,"href":"https:\/\/rafaeladigital.com\/noticias\/wp-json\/wp\/v2\/tags?post=1616"}],"curies":[{"name":"wp","href":"https:\/\/api.w.org\/{rel}","templated":true}]}}