{"id":1658,"date":"2023-10-10T22:04:51","date_gmt":"2023-10-11T01:04:51","guid":{"rendered":"https:\/\/rafaeladigital.com\/noticias\/?p=1658"},"modified":"2023-10-10T22:04:55","modified_gmt":"2023-10-11T01:04:55","slug":"comenzo-el-operativo-para-repatriar-a-argentinos-desde-israel","status":"publish","type":"post","link":"https:\/\/rafaeladigital.com\/noticias\/comenzo-el-operativo-para-repatriar-a-argentinos-desde-israel\/","title":{"rendered":"Comenz\u00f3 el Operativo para Repatriar a Argentinos desde Israel"},"content":{"rendered":"\n<p>En respuesta a la situaci\u00f3n de conflicto en la regi\u00f3n, el Gobierno argentino ha puesto en marcha la operaci\u00f3n \u00abRegreso Seguro\u00bb. Un avi\u00f3n H\u00e9rcules de la Fuerza A\u00e9rea parti\u00f3 este mediod\u00eda rumbo a Tel Aviv y realizar\u00e1 tres vuelos especiales por d\u00eda para trasladar a los argentinos que se inscribieron en el registro de evacuaci\u00f3n. Esta medida busca garantizar la seguridad y el retorno de los ciudadanos argentinos que se encontraban en Israel en medio del reciente conflicto con el grupo Hamas. Acomp\u00e1\u00f1anos a conocer todos los detalles de este operativo humanitario.<\/p>\n\n\n\n<h2 class=\"wp-block-heading\">Un Compromiso con la Seguridad de los Argentinos en el Extranjero<\/h2>\n\n\n\n<p>El conflicto en Oriente Medio ha generado preocupaci\u00f3n y ansiedad entre los argentinos que se encontraban en Israel. Para abordar esta situaci\u00f3n, el Gobierno de Argentina ha iniciado un procedimiento de evacuaci\u00f3n que busca asegurar el retorno seguro de sus ciudadanos. Esta operaci\u00f3n cuenta con el apoyo de diversas entidades gubernamentales, incluyendo el Ministerio de Defensa y el Ministerio de Relaciones Exteriores, encabezados por Jorge Taiana y Santiago Cafiero, respectivamente.<\/p>\n\n\n\n<h2 class=\"wp-block-heading\">La Colaboraci\u00f3n con Aerol\u00edneas Argentinas<\/h2>\n\n\n\n<p>Una parte fundamental de este operativo es la colaboraci\u00f3n con Aerol\u00edneas Argentinas, la principal aerol\u00ednea del pa\u00eds. Los ministros de Defensa y Relaciones Exteriores se reunieron con el presidente de la aerol\u00ednea, Pablo Ceriani, para coordinar las acciones de rescate. Esto garantiza la disponibilidad de aviones y recursos necesarios para llevar a cabo los vuelos de repatriaci\u00f3n.<\/p>\n\n\n\n<h2 class=\"wp-block-heading\">Detalles de la Operaci\u00f3n<\/h2>\n\n\n\n<p>El avi\u00f3n \u00abH\u00e9rcules\u00bb parti\u00f3 desde la Base A\u00e9rea en El Palomar y tiene como destino inicial la isla de Chipre. Desde all\u00ed, se dirigir\u00e1 al aeropuerto Ben Gurion en Tel Aviv, el cual se encuentra operativo y bajo condiciones de seguridad. La aeronave cuenta con dos tripulaciones, cada una compuesta por diez personas, y tiene la capacidad de trasladar a unas 210 personas por d\u00eda, lo que equivale a unos 70 pasajeros por vuelo.<\/p>\n\n\n\n<h2 class=\"wp-block-heading\">Registro de Evacuaci\u00f3n<\/h2>\n\n\n\n<p>El Gobierno abri\u00f3 un registro de evacuaci\u00f3n para que los argentinos en Israel pudieran inscribirse y garantizar su lugar en los vuelos de repatriaci\u00f3n. Hasta el momento, se han inscrito 1,246 argentinos. Es importante destacar que esta cifra puede cambiar, ya que algunos ciudadanos argentinos pueden haber decidido abandonar Israel por otros medios y no hayan informado su partida.<\/p>\n\n\n\n<h2 class=\"wp-block-heading\">Prioridades en el Rescate<\/h2>\n\n\n\n<p>La operaci\u00f3n se llevar\u00e1 a cabo siguiendo un criterio de prioridades. Uno de los grupos prioritarios incluye a aproximadamente 120 estudiantes que se encontraban en Israel para llevar a cabo viajes de estudio y que est\u00e1n sin sus padres, acompa\u00f1ados por docentes. La rapidez en su repatriaci\u00f3n es esencial.<\/p>\n\n\n\n<p>Otros argentinos que se han inscrito en el registro son turistas, ciudadanos en viaje de negocios y compatriotas que han decidido regresar al pa\u00eds debido al conflicto en la regi\u00f3n.<\/p>\n\n\n\n<h2 class=\"wp-block-heading\">Una Decisi\u00f3n Pol\u00edtica y Humanitaria<\/h2>\n\n\n\n<p>La decisi\u00f3n de llevar a cabo esta operaci\u00f3n de evacuaci\u00f3n responde a un compromiso pol\u00edtico y humanitario del gobierno argentino para proteger a sus ciudadanos en situaciones de conflicto. Se busca evitar que los compatriotas sufran da\u00f1os o peligros innecesarios al permanecer en una zona de conflicto violento. El esfuerzo por su retorno seguro es una prioridad.<\/p>\n\n\n\n<h2 class=\"wp-block-heading\">Coordinaci\u00f3n de Esfuerzos<\/h2>\n\n\n\n<p>El Estado Mayor Conjunto y las Fuerzas Armadas argentinas han trabajado en conjunto para llevar a cabo esta operaci\u00f3n de Protecci\u00f3n Civil de Evacuaci\u00f3n de Connacionales. Esta acci\u00f3n se realiza en estrecha coordinaci\u00f3n con la Canciller\u00eda y consistir\u00e1 en una serie de puentes a\u00e9reos que conectar\u00e1n Tel Aviv con Roma hasta completar la evacuaci\u00f3n de los ciudadanos argentinos.<\/p>\n\n\n\n<h2 class=\"wp-block-heading\">D\u00f3nde Comunicarse para Informaci\u00f3n<\/h2>\n\n\n\n<p>Para aquellos familiares en Argentina que necesiten informar sobre connacionales en dificultades en Israel, la Canciller\u00eda ha habilitado una l\u00ednea telef\u00f3nica nacional de celular. El n\u00famero habilitado es +54 9 1140411522, disponible para llamadas y mensajes v\u00eda WhatsApp.<\/p>\n\n\n\n<p>La seguridad y el bienestar de los argentinos en el extranjero son una prioridad para el gobierno argentino. Este operativo de repatriaci\u00f3n demuestra el compromiso con sus ciudadanos en momentos de crisis.<\/p>\n","protected":false},"excerpt":{"rendered":"<p>En respuesta a la situaci\u00f3n de conflicto en la regi\u00f3n, el Gobierno argentino ha puesto<\/p>\n","protected":false},"author":1,"featured_media":1659,"comment_status":"closed","ping_status":"closed","sticky":false,"template":"","format":"standard","meta":{"footnotes":""},"categories":[25],"tags":[],"class_list":["post-1658","post","type-post","status-publish","format-standard","has-post-thumbnail","hentry","category-global"],"_links":{"self":[{"href":"https:\/\/rafaeladigital.com\/noticias\/wp-json\/wp\/v2\/posts\/1658","targetHints":{"allow":["GET"]}}],"collection":[{"href":"https:\/\/rafaeladigital.com\/noticias\/wp-json\/wp\/v2\/posts"}],"about":[{"href":"https:\/\/rafaeladigital.com\/noticias\/wp-json\/wp\/v2\/types\/post"}],"author":[{"embeddable":true,"href":"https:\/\/rafaeladigital.com\/noticias\/wp-json\/wp\/v2\/users\/1"}],"replies":[{"embeddable":true,"href":"https:\/\/rafaeladigital.com\/noticias\/wp-json\/wp\/v2\/comments?post=1658"}],"version-history":[{"count":1,"href":"https:\/\/rafaeladigital.com\/noticias\/wp-json\/wp\/v2\/posts\/1658\/revisions"}],"predecessor-version":[{"id":1660,"href":"https:\/\/rafaeladigital.com\/noticias\/wp-json\/wp\/v2\/posts\/1658\/revisions\/1660"}],"wp:featuredmedia":[{"embeddable":true,"href":"https:\/\/rafaeladigital.com\/noticias\/wp-json\/wp\/v2\/media\/1659"}],"wp:attachment":[{"href":"https:\/\/rafaeladigital.com\/noticias\/wp-json\/wp\/v2\/media?parent=1658"}],"wp:term":[{"taxonomy":"category","embeddable":true,"href":"https:\/\/rafaeladigital.com\/noticias\/wp-json\/wp\/v2\/categories?post=1658"},{"taxonomy":"post_tag","embeddable":true,"href":"https:\/\/rafaeladigital.com\/noticias\/wp-json\/wp\/v2\/tags?post=1658"}],"curies":[{"name":"wp","href":"https:\/\/api.w.org\/{rel}","templated":true}]}}