{"id":1675,"date":"2023-10-12T17:41:30","date_gmt":"2023-10-12T20:41:30","guid":{"rendered":"https:\/\/rafaeladigital.com\/noticias\/?p=1675"},"modified":"2023-10-12T17:41:34","modified_gmt":"2023-10-12T20:41:34","slug":"devolucion-del-iva-como-reclamar-el-reintegro-del-21-en-las-compras","status":"publish","type":"post","link":"https:\/\/rafaeladigital.com\/noticias\/devolucion-del-iva-como-reclamar-el-reintegro-del-21-en-las-compras\/","title":{"rendered":"Devoluci\u00f3n del IVA: c\u00f3mo reclamar el reintegro del 21% en las compras"},"content":{"rendered":"\n<p>El programa devoluci\u00f3n del IVA se enmarca en una serie de medidas que lanz\u00f3 el Gobierno nacional y en donde se devuelve el 21% en las compras realizadas con tarjeta de d\u00e9bito de productos que formen parte de la canasta b\u00e1sica de alimentos.<\/p>\n\n\n\n<h2 class=\"wp-block-heading\">Introducci\u00f3n<\/h2>\n\n\n\n<p>El programa de devoluci\u00f3n del IVA, o Impuesto al Valor Agregado, es una iniciativa gubernamental que tiene como objetivo devolver a los ciudadanos el 21% de impuestos en las compras de productos b\u00e1sicos realizadas con tarjeta de d\u00e9bito. Esta medida busca aliviar el impacto de la inflaci\u00f3n y la devaluaci\u00f3n en la econom\u00eda de los argentinos.<\/p>\n\n\n\n<h2 class=\"wp-block-heading\">C\u00f3mo funciona el Programa de Devoluci\u00f3n del IVA<\/h2>\n\n\n\n<p>Para entender mejor c\u00f3mo funciona el programa de devoluci\u00f3n del IVA, es esencial conocer los detalles de su implementaci\u00f3n. A continuaci\u00f3n, explicamos los pasos para obtener un reembolso del 21% en tus compras.<\/p>\n\n\n\n<h3 class=\"wp-block-heading\">\u00bfQui\u00e9nes pueden beneficiarse?<\/h3>\n\n\n\n<p>El programa est\u00e1 dise\u00f1ado para ayudar a diferentes grupos de personas, incluyendo asalariados, monotributistas, jubilados y beneficiarios de planes sociales. En octubre, los beneficiarios incluyen jubilados y pensionados con ingresos de hasta $ 524.754, entre otros.<\/p>\n\n\n\n<h3 class=\"wp-block-heading\">Productos cubiertos por la devoluci\u00f3n<\/h3>\n\n\n\n<p>El programa se enfoca en productos esenciales de la Canasta B\u00e1sica Alimentaria. Esto incluye una amplia variedad de alimentos y art\u00edculos de higiene personal, como pan, arroz, legumbres, y mucho m\u00e1s.<\/p>\n\n\n\n<h3 class=\"wp-block-heading\">C\u00f3mo reclamar ante la AFIP si no se recibe el reintegro del 21%<\/h3>\n\n\n\n<p>Si, despu\u00e9s de realizar una compra, no recibes el reembolso del 21% en tu cuenta bancaria, es posible iniciar un reclamo ante la AFIP (Administraci\u00f3n Federal de Ingresos P\u00fablicos). Aqu\u00ed tienes los pasos a seguir:<\/p>\n\n\n\n<ol class=\"wp-block-list\">\n<li>Ingresa a la web de AFIP con tu Clave Fiscal y CUIT\/CUIL.<\/li>\n\n\n\n<li>Dir\u00edgete a la secci\u00f3n de reclamos y sugerencias y selecciona \u00abPrograma de Asistencia al Ciudadano\u00bb.<\/li>\n\n\n\n<li>Completa el formulario con tus datos personales, n\u00famero de tel\u00e9fono y correo electr\u00f3nico.<\/li>\n\n\n\n<li>Detalla los motivos de tu reclamo, explicando la no devoluci\u00f3n del IVA.<\/li>\n<\/ol>\n\n\n\n<h3 class=\"wp-block-heading\">Cu\u00e1ndo se reintegra el dinero de la devoluci\u00f3n del IVA<\/h3>\n\n\n\n<p>El reintegro se deposita en tu cuenta bancaria de forma autom\u00e1tica hasta 48 horas despu\u00e9s de tu compra. La hora a la que se realiza la compra afecta el tiempo de reintegro.<\/p>\n\n\n\n<h3 class=\"wp-block-heading\">Identificando el reintegro en tus extractos bancarios<\/h3>\n\n\n\n<p>Para asegurarte de que has recibido el reembolso del IVA, debes revisar tu resumen de cuenta bancaria. El reintegro se identificar\u00e1 con la leyenda \u00abReintegro programa COMPRE SIN IVA\u00bb.<\/p>\n\n\n\n<h2 class=\"wp-block-heading\">Conclusi\u00f3n<\/h2>\n\n\n\n<p>La devoluci\u00f3n del IVA es una medida beneficiosa para quienes buscan ahorrar dinero en compras de productos b\u00e1sicos. Este programa ayuda a combatir la inflaci\u00f3n y aliviar la carga econ\u00f3mica de los ciudadanos.<\/p>\n","protected":false},"excerpt":{"rendered":"<p>El programa devoluci\u00f3n del IVA se enmarca en una serie de medidas que lanz\u00f3 el<\/p>\n","protected":false},"author":1,"featured_media":1676,"comment_status":"closed","ping_status":"closed","sticky":false,"template":"","format":"standard","meta":{"footnotes":""},"categories":[20,24],"tags":[],"class_list":["post-1675","post","type-post","status-publish","format-standard","has-post-thumbnail","hentry","category-argentina","category-economia"],"_links":{"self":[{"href":"https:\/\/rafaeladigital.com\/noticias\/wp-json\/wp\/v2\/posts\/1675","targetHints":{"allow":["GET"]}}],"collection":[{"href":"https:\/\/rafaeladigital.com\/noticias\/wp-json\/wp\/v2\/posts"}],"about":[{"href":"https:\/\/rafaeladigital.com\/noticias\/wp-json\/wp\/v2\/types\/post"}],"author":[{"embeddable":true,"href":"https:\/\/rafaeladigital.com\/noticias\/wp-json\/wp\/v2\/users\/1"}],"replies":[{"embeddable":true,"href":"https:\/\/rafaeladigital.com\/noticias\/wp-json\/wp\/v2\/comments?post=1675"}],"version-history":[{"count":1,"href":"https:\/\/rafaeladigital.com\/noticias\/wp-json\/wp\/v2\/posts\/1675\/revisions"}],"predecessor-version":[{"id":1677,"href":"https:\/\/rafaeladigital.com\/noticias\/wp-json\/wp\/v2\/posts\/1675\/revisions\/1677"}],"wp:featuredmedia":[{"embeddable":true,"href":"https:\/\/rafaeladigital.com\/noticias\/wp-json\/wp\/v2\/media\/1676"}],"wp:attachment":[{"href":"https:\/\/rafaeladigital.com\/noticias\/wp-json\/wp\/v2\/media?parent=1675"}],"wp:term":[{"taxonomy":"category","embeddable":true,"href":"https:\/\/rafaeladigital.com\/noticias\/wp-json\/wp\/v2\/categories?post=1675"},{"taxonomy":"post_tag","embeddable":true,"href":"https:\/\/rafaeladigital.com\/noticias\/wp-json\/wp\/v2\/tags?post=1675"}],"curies":[{"name":"wp","href":"https:\/\/api.w.org\/{rel}","templated":true}]}}