{"id":1697,"date":"2023-10-13T15:24:25","date_gmt":"2023-10-13T18:24:25","guid":{"rendered":"https:\/\/rafaeladigital.com\/noticias\/?p=1697"},"modified":"2023-10-13T15:24:30","modified_gmt":"2023-10-13T18:24:30","slug":"imagenes-hot-de-mujeres-del-pueblo-de-san-jeronimo-sud-enfrentan-una-situacion-alarmante","status":"publish","type":"post","link":"https:\/\/rafaeladigital.com\/noticias\/imagenes-hot-de-mujeres-del-pueblo-de-san-jeronimo-sud-enfrentan-una-situacion-alarmante\/","title":{"rendered":"Im\u00e1genes \u00abhot\u00bb de mujeres del pueblo de San Jer\u00f3nimo Sud enfrentan una situaci\u00f3n alarmante"},"content":{"rendered":"\n<p>En el tranquilo pueblo de San Jer\u00f3nimo Sud, ubicado en el departamento de San Lorenzo, provincia de Santa Fe, aproximadamente 20 mujeres se han visto envueltas en una situaci\u00f3n alarmante. En las \u00faltimas semanas, im\u00e1genes \u00edntimas suyas, manipuladas digitalmente, han comenzado a circular en la plataforma de mensajer\u00eda Telegram. Algunas de las afectadas ya han presentado denuncias en la comisar\u00eda local.<\/p>\n\n\n\n<p><strong><em>El Impacto en las V\u00edctimas<\/em><\/strong><\/p>\n\n\n\n<p>Para las mujeres involucradas, esta experiencia ha sido devastadora. Nilda, una de las v\u00edctimas, comparti\u00f3 su testimonio en Radiof\u00f3nica, expresando la sorpresa y el dolor que les caus\u00f3 esta situaci\u00f3n inesperada. A pesar de que algunas personas pueden minimizar la gravedad de la situaci\u00f3n, Nilda subraya que la difusi\u00f3n de este material ha afectado profundamente sus relaciones. En una comunidad peque\u00f1a como San Jer\u00f3nimo Sud, donde todos se conocen, el impacto es a\u00fan m\u00e1s significativo.<\/p>\n\n\n\n<p>Nilda destaca que no pueden determinar si quienes consumen este contenido manipulado pueden diferenciar lo real de lo falso. M\u00e1s de 20 mujeres se han visto involucradas en esta edici\u00f3n de material, y Nilda enfatiza que la situaci\u00f3n es m\u00e1s perversa que una simple broma de mal gusto.<\/p>\n\n\n\n<p><strong><em>Investigaci\u00f3n en Marcha<\/em><\/strong><\/p>\n\n\n\n<p>La investigaci\u00f3n est\u00e1 siendo liderada por el fiscal de San Lorenzo, Aquiles Balbis, quien busca determinar qui\u00e9nes son responsables de crear y difundir estas im\u00e1genes sexualmente expl\u00edcitas a trav\u00e9s de Telegram. Durante un allanamiento en la vivienda de una de las denunciantes, se incautaron varios dispositivos electr\u00f3nicos, lo que aument\u00f3 las sospechas hacia su esposo.<\/p>\n\n\n\n<p>El siguiente paso es analizar estos dispositivos para verificar la autenticidad de las im\u00e1genes. Si se confirma que son manipulaciones y no material real, esto podr\u00eda tener implicaciones legales y podr\u00eda dar lugar a una demanda civil para resarcir a las mujeres afectadas.<\/p>\n\n\n\n<p><strong><em>Retos en el Proceso Legal<\/em><\/strong><\/p>\n\n\n\n<p>Uno de los desaf\u00edos clave en este caso es la falta de evidencia s\u00f3lida que respalde las denuncias. En este tipo de delitos, que afectan el honor de las personas, la v\u00edctima generalmente debe impulsar la investigaci\u00f3n proporcionando pruebas o indicios. La denuncia actual se basa principalmente en declaraciones.<\/p>\n\n\n\n<p>Si no se presentan evidencias adicionales en los pr\u00f3ximos d\u00edas, es posible que se rechace la denuncia por falta de pruebas. Adem\u00e1s, este tipo de delitos es de instancia privada, lo que significa que las propias v\u00edctimas deben tomar la iniciativa de impulsar el proceso legal.<\/p>\n\n\n\n<p><strong><em>Apoyo de la Comunidad y las Autoridades<\/em><\/strong><\/p>\n\n\n\n<p>El presidente comunal, Horacio Ciancio, ha recibido a algunas v\u00edctimas y les ha recomendado que presenten denuncias y busquen asesoramiento legal. La Comuna tambi\u00e9n ha ofrecido el apoyo de la Secretar\u00eda de la Mujer para ayudar a las afectadas. Las autoridades locales y la Unidad Regional XVII est\u00e1n colaborando en la investigaci\u00f3n, junto con la unidad de ciberdelincuencia de la Agencia de Investigaci\u00f3n Criminal.<\/p>\n\n\n\n<p><strong><em>Conclusi\u00f3n<\/em><\/strong><\/p>\n\n\n\n<p>Es fundamental abordar esta situaci\u00f3n de manera rigurosa y justa para las v\u00edctimas de San Jer\u00f3nimo Sud. La necesidad de proteger la privacidad y la dignidad de las personas en la era digital se vuelve m\u00e1s evidente con incidentes como este. La comunidad y las autoridades deben trabajar juntas para brindar apoyo a las v\u00edctimas y buscar justicia.<\/p>\n\n\n\n<p><\/p>\n","protected":false},"excerpt":{"rendered":"<p>En el tranquilo pueblo de San Jer\u00f3nimo Sud, ubicado en el departamento de San Lorenzo,<\/p>\n","protected":false},"author":1,"featured_media":1698,"comment_status":"closed","ping_status":"closed","sticky":false,"template":"","format":"standard","meta":{"footnotes":""},"categories":[14,19],"tags":[],"class_list":["post-1697","post","type-post","status-publish","format-standard","has-post-thumbnail","hentry","category-cultura-sociedad","category-sociedad"],"_links":{"self":[{"href":"https:\/\/rafaeladigital.com\/noticias\/wp-json\/wp\/v2\/posts\/1697","targetHints":{"allow":["GET"]}}],"collection":[{"href":"https:\/\/rafaeladigital.com\/noticias\/wp-json\/wp\/v2\/posts"}],"about":[{"href":"https:\/\/rafaeladigital.com\/noticias\/wp-json\/wp\/v2\/types\/post"}],"author":[{"embeddable":true,"href":"https:\/\/rafaeladigital.com\/noticias\/wp-json\/wp\/v2\/users\/1"}],"replies":[{"embeddable":true,"href":"https:\/\/rafaeladigital.com\/noticias\/wp-json\/wp\/v2\/comments?post=1697"}],"version-history":[{"count":1,"href":"https:\/\/rafaeladigital.com\/noticias\/wp-json\/wp\/v2\/posts\/1697\/revisions"}],"predecessor-version":[{"id":1699,"href":"https:\/\/rafaeladigital.com\/noticias\/wp-json\/wp\/v2\/posts\/1697\/revisions\/1699"}],"wp:featuredmedia":[{"embeddable":true,"href":"https:\/\/rafaeladigital.com\/noticias\/wp-json\/wp\/v2\/media\/1698"}],"wp:attachment":[{"href":"https:\/\/rafaeladigital.com\/noticias\/wp-json\/wp\/v2\/media?parent=1697"}],"wp:term":[{"taxonomy":"category","embeddable":true,"href":"https:\/\/rafaeladigital.com\/noticias\/wp-json\/wp\/v2\/categories?post=1697"},{"taxonomy":"post_tag","embeddable":true,"href":"https:\/\/rafaeladigital.com\/noticias\/wp-json\/wp\/v2\/tags?post=1697"}],"curies":[{"name":"wp","href":"https:\/\/api.w.org\/{rel}","templated":true}]}}