{"id":1751,"date":"2023-12-08T11:46:16","date_gmt":"2023-12-08T14:46:16","guid":{"rendered":"https:\/\/rafaeladigital.com\/noticias\/?p=1751"},"modified":"2023-12-08T11:46:21","modified_gmt":"2023-12-08T14:46:21","slug":"fin-de-la-transicion-en-rafaela","status":"publish","type":"post","link":"https:\/\/rafaeladigital.com\/noticias\/fin-de-la-transicion-en-rafaela\/","title":{"rendered":"Fin de la transici\u00f3n en Rafaela"},"content":{"rendered":"\n<p>En un acontecimiento hist\u00f3rico para Rafaela, el intendente Luis Castellano formaliz\u00f3 el fin de la Mesa de Transici\u00f3n, marcando no solo un cambio de gesti\u00f3n sino tambi\u00e9n un giro pol\u00edtico para la ciudad.<\/p>\n\n\n\n<h2 class=\"wp-block-heading\">Firma del Expediente por el Intendente Luis Castellano<\/h2>\n\n\n\n<p>Acompa\u00f1ado por destacadas figuras, Castellano rubric\u00f3 el expediente en un acto que simboliza el cierre de un proceso crucial para la localidad.<\/p>\n\n\n\n<h2 class=\"wp-block-heading\">Detalles del Expediente y Mesa de Transici\u00f3n<\/h2>\n\n\n\n<p>La extensa informaci\u00f3n contenida en cinco biblioratos refleja la profundidad y relevancia de este proceso, estableciendo un hito en la historia pol\u00edtica local.<\/p>\n\n\n\n<h2 class=\"wp-block-heading\">Cambio de Gesti\u00f3n y Signo Pol\u00edtico<\/h2>\n\n\n\n<p>Este cambio no solo implica una transici\u00f3n administrativa, sino tambi\u00e9n un cambio de rumbo pol\u00edtico para la conducci\u00f3n de la ciudad.<\/p>\n\n\n\n<h2 class=\"wp-block-heading\">Madurez Democr\u00e1tica y Colaboraci\u00f3n Pol\u00edtica<\/h2>\n\n\n\n<p>La madurez, predisposici\u00f3n y responsabilidad de los actores pol\u00edticos durante este proceso son dignas de reconocimiento, especialmente considerando las diferentes expresiones pol\u00edticas involucradas.<\/p>\n\n\n\n<h2 class=\"wp-block-heading\">Transparencia y Apertura de la Gesti\u00f3n<\/h2>\n\n\n\n<p>La informaci\u00f3n proporcionada destaca la transparencia y apertura de la gesti\u00f3n encabezada por Castellano, subrayando valores fundamentales como cercan\u00eda y di\u00e1logo constante con la comunidad.<\/p>\n\n\n\n<h2 class=\"wp-block-heading\">Cercan\u00eda y Di\u00e1logo con la Comunidad<\/h2>\n\n\n\n<p>Los valores de cercan\u00eda y di\u00e1logo respetuoso permanente con la comunidad, pregonados desde el Estado local, han sido fundamentales en este proceso.<\/p>\n\n\n\n<h2 class=\"wp-block-heading\">Imprenta de Respeto, Seriedad y Responsabilidad<\/h2>\n\n\n\n<p>La actitud respetuosa, seria y responsable de Leonardo Viotti y su equipo durante esta etapa merece especial reconocimiento.<\/p>\n\n\n\n<h2 class=\"wp-block-heading\">Compromiso con el Crecimiento y Desarrollo<\/h2>\n\n\n\n<p>Ambos gobiernos, saliente y entrante, reafirman su compromiso con el crecimiento y desarrollo continuo de Rafaela.<\/p>\n\n\n\n<h2 class=\"wp-block-heading\">Conclusiones del Proceso de Transici\u00f3n<\/h2>\n\n\n\n<p>Al culminar este proceso, es crucial reflexionar sobre los logros alcanzados y los desaf\u00edos que la ciudad enfrenta en el futuro.<\/p>\n","protected":false},"excerpt":{"rendered":"<p>En un acontecimiento hist\u00f3rico para Rafaela, el intendente Luis Castellano formaliz\u00f3 el fin de la<\/p>\n","protected":false},"author":1,"featured_media":1752,"comment_status":"closed","ping_status":"closed","sticky":false,"template":"","format":"standard","meta":{"footnotes":""},"categories":[1,19],"tags":[],"class_list":["post-1751","post","type-post","status-publish","format-standard","has-post-thumbnail","hentry","category-politica","category-sociedad"],"_links":{"self":[{"href":"https:\/\/rafaeladigital.com\/noticias\/wp-json\/wp\/v2\/posts\/1751","targetHints":{"allow":["GET"]}}],"collection":[{"href":"https:\/\/rafaeladigital.com\/noticias\/wp-json\/wp\/v2\/posts"}],"about":[{"href":"https:\/\/rafaeladigital.com\/noticias\/wp-json\/wp\/v2\/types\/post"}],"author":[{"embeddable":true,"href":"https:\/\/rafaeladigital.com\/noticias\/wp-json\/wp\/v2\/users\/1"}],"replies":[{"embeddable":true,"href":"https:\/\/rafaeladigital.com\/noticias\/wp-json\/wp\/v2\/comments?post=1751"}],"version-history":[{"count":1,"href":"https:\/\/rafaeladigital.com\/noticias\/wp-json\/wp\/v2\/posts\/1751\/revisions"}],"predecessor-version":[{"id":1753,"href":"https:\/\/rafaeladigital.com\/noticias\/wp-json\/wp\/v2\/posts\/1751\/revisions\/1753"}],"wp:featuredmedia":[{"embeddable":true,"href":"https:\/\/rafaeladigital.com\/noticias\/wp-json\/wp\/v2\/media\/1752"}],"wp:attachment":[{"href":"https:\/\/rafaeladigital.com\/noticias\/wp-json\/wp\/v2\/media?parent=1751"}],"wp:term":[{"taxonomy":"category","embeddable":true,"href":"https:\/\/rafaeladigital.com\/noticias\/wp-json\/wp\/v2\/categories?post=1751"},{"taxonomy":"post_tag","embeddable":true,"href":"https:\/\/rafaeladigital.com\/noticias\/wp-json\/wp\/v2\/tags?post=1751"}],"curies":[{"name":"wp","href":"https:\/\/api.w.org\/{rel}","templated":true}]}}