{"id":1831,"date":"2023-12-13T17:07:11","date_gmt":"2023-12-13T20:07:11","guid":{"rendered":"https:\/\/rafaeladigital.com\/noticias\/?p=1831"},"modified":"2023-12-13T17:07:13","modified_gmt":"2023-12-13T20:07:13","slug":"desastre-hidrico-en-el-trebol-una-ciudad-sumergida","status":"publish","type":"post","link":"https:\/\/rafaeladigital.com\/noticias\/desastre-hidrico-en-el-trebol-una-ciudad-sumergida\/","title":{"rendered":"Desastre H\u00eddrico en El Tr\u00e9bol: Una Ciudad Sumergida"},"content":{"rendered":"\n<h2 class=\"wp-block-heading\">Tormenta Inesperada Golpea El Tr\u00e9bol<\/h2>\n\n\n\n<p>La madrugada tranquila se vio abruptamente interrumpida cuando los pron\u00f3sticos del tiempo se\u00f1alaron una tormenta inminente sobre la regi\u00f3n del centro oeste santafesino. Sin embargo, lo que nadie anticip\u00f3 fue el caos que se desatar\u00eda al amanecer.<\/p>\n\n\n\n<h3 class=\"wp-block-heading\">Devastaci\u00f3n en Tres Horas<\/h3>\n\n\n\n<p>Entre las 4 y las 7 de la ma\u00f1ana, una precipitaci\u00f3n hist\u00f3rica de 200 mil\u00edmetros azot\u00f3 la ciudad de El Tr\u00e9bol, seguida de cerca por unos 180 mil\u00edmetros en Mar\u00eda Susana. El declive pronunciado del distrito, de oeste a este, provoc\u00f3 que el agua acumulada en la zona rural impactara contra el corredor vial N\u00ba 13, colapsando la ruta que generalmente act\u00faa como barrera ante excesos h\u00eddricos.<\/p>\n\n\n\n<h3 class=\"wp-block-heading\">Caos en las Calles<\/h3>\n\n\n\n<p>La furia del agua no tard\u00f3 en manifestarse en las calles de la ciudad. Grandes masas de agua avanzaron desde el oeste, sumiendo calles y hogares bajo su corriente impetuosa.<\/p>\n\n\n\n<h3 class=\"wp-block-heading\">Respuesta de Emergencia<\/h3>\n\n\n\n<p>Ante la emergencia, Protecci\u00f3n Civil activ\u00f3 el sistema de evacuaci\u00f3n, movilizando a 40 personas que resid\u00edan cerca del Canal 12 de octubre, lindante a la ruta ahora colapsada. Los clubes Trebolense y El Expreso se convirtieron en refugios temporales, proporcionando albergue, ropa de cama, servicios sanitarios con agua caliente y prendas secas a los evacuados.<\/p>\n\n\n\n<h2 class=\"wp-block-heading\">Reclamo Municipal y Desaf\u00edo Pol\u00edtico<\/h2>\n\n\n\n<p>La administraci\u00f3n actual del Municipio de El Tr\u00e9bol, en funciones desde 2021, alz\u00f3 la voz en un reclamo vehemente hacia el Gobierno de Santa Fe. La Intendente Natalia S\u00e1nchez expres\u00f3 su frustraci\u00f3n, afirmando: \u00abRealizamos el estudio topogr\u00e1fico en este \u00faltimo a\u00f1o y medio, lo presentamos ante el gobierno provincial y Vialidad de Santa Fe lo rechaz\u00f3\u00bb.<br><br>Foto : <a href=\"https:\/\/www.eltreboldigital.com.ar\/2023\/12\/13\/una-fuerte-cortina-de-agua-inundo-la-ciudad-de-el-trebol\/\" target=\"_blank\" rel=\"noopener\">eltreboldigital.com.ar<\/a><\/p>\n","protected":false},"excerpt":{"rendered":"<p>Tormenta Inesperada Golpea El Tr\u00e9bol La madrugada tranquila se vio abruptamente interrumpida cuando los pron\u00f3sticos<\/p>\n","protected":false},"author":1,"featured_media":1832,"comment_status":"closed","ping_status":"closed","sticky":false,"template":"","format":"standard","meta":{"footnotes":""},"categories":[19],"tags":[],"class_list":["post-1831","post","type-post","status-publish","format-standard","has-post-thumbnail","hentry","category-sociedad"],"_links":{"self":[{"href":"https:\/\/rafaeladigital.com\/noticias\/wp-json\/wp\/v2\/posts\/1831","targetHints":{"allow":["GET"]}}],"collection":[{"href":"https:\/\/rafaeladigital.com\/noticias\/wp-json\/wp\/v2\/posts"}],"about":[{"href":"https:\/\/rafaeladigital.com\/noticias\/wp-json\/wp\/v2\/types\/post"}],"author":[{"embeddable":true,"href":"https:\/\/rafaeladigital.com\/noticias\/wp-json\/wp\/v2\/users\/1"}],"replies":[{"embeddable":true,"href":"https:\/\/rafaeladigital.com\/noticias\/wp-json\/wp\/v2\/comments?post=1831"}],"version-history":[{"count":1,"href":"https:\/\/rafaeladigital.com\/noticias\/wp-json\/wp\/v2\/posts\/1831\/revisions"}],"predecessor-version":[{"id":1833,"href":"https:\/\/rafaeladigital.com\/noticias\/wp-json\/wp\/v2\/posts\/1831\/revisions\/1833"}],"wp:featuredmedia":[{"embeddable":true,"href":"https:\/\/rafaeladigital.com\/noticias\/wp-json\/wp\/v2\/media\/1832"}],"wp:attachment":[{"href":"https:\/\/rafaeladigital.com\/noticias\/wp-json\/wp\/v2\/media?parent=1831"}],"wp:term":[{"taxonomy":"category","embeddable":true,"href":"https:\/\/rafaeladigital.com\/noticias\/wp-json\/wp\/v2\/categories?post=1831"},{"taxonomy":"post_tag","embeddable":true,"href":"https:\/\/rafaeladigital.com\/noticias\/wp-json\/wp\/v2\/tags?post=1831"}],"curies":[{"name":"wp","href":"https:\/\/api.w.org\/{rel}","templated":true}]}}