{"id":1854,"date":"2023-12-18T14:13:01","date_gmt":"2023-12-18T17:13:01","guid":{"rendered":"https:\/\/rafaeladigital.com\/noticias\/?p=1854"},"modified":"2023-12-18T14:14:09","modified_gmt":"2023-12-18T17:14:09","slug":"la-fiesta-del-deporte-2023-celebrando-los-logros-de-nuestros-atletas","status":"publish","type":"post","link":"https:\/\/rafaeladigital.com\/noticias\/la-fiesta-del-deporte-2023-celebrando-los-logros-de-nuestros-atletas\/","title":{"rendered":"La Fiesta del Deporte 2023: Celebrando los Logros de Nuestros Atletas"},"content":{"rendered":"\n<p>La emoci\u00f3n est\u00e1 en el aire, y los reflectores se encienden para destacar a los deportistas que han brillado a lo largo del a\u00f1o. La Fiesta del Deporte 2023 est\u00e1 a punto de comenzar, y con ella, se revelar\u00e1n los nombres de los atletas que han dejado una marca imborrable en sus respectivas disciplinas. \u00a1Acomp\u00e1\u00f1anos en esta celebraci\u00f3n deportiva \u00fanica!<\/p>\n\n\n\n<h2 class=\"wp-block-heading\">Un Reconocimiento Especial<\/h2>\n\n\n\n<p>Como cada a\u00f1o, la Fiesta del Deporte rompe con la tradici\u00f3n al no elegir un ganador \u00fanico por categor\u00eda. En cambio, cada deportista nominado recibir\u00e1 una menci\u00f3n especial por su destacada actuaci\u00f3n. Adem\u00e1s, se otorgar\u00e1n reconocimientos a la trayectoria, a la revelaci\u00f3n del a\u00f1o y al Deportista del A\u00f1o, un t\u00edtulo codiciado que corona al m\u00e1ximo exponente del mundo deportivo.<\/p>\n\n\n\n<h2 class=\"wp-block-heading\">Detalles del Evento<\/h2>\n\n\n\n<p>La cita es este mi\u00e9rcoles, desde las 20:30, en el Anfiteatro \u201cAlfredo Williner\u201d, se realizar\u00e1 la Fiesta del Deporte y Elecci\u00f3n del Deportista del A\u00f1o 2023 de Rafaela.<\/p>\n\n\n\n<p>El evento es resultado del incansable trabajo de la Subsecretar\u00eda de Deportes y Recreaci\u00f3n, en colaboraci\u00f3n con diversas \u00e1reas, que se han esmerado en cada detalle para garantizar una velada inolvidable.<\/p>\n\n\n\n<h2 class=\"wp-block-heading\">Nominaciones Destacadas por Disciplina<\/h2>\n\n\n\n<h2 class=\"wp-block-heading\">DEPORTISTAS DESTACADOS POR DISCIPLINA<\/h2>\n\n\n\n<p><a href=\"https:\/\/www.rafaela.gob.ar\/Sitio\/#\/Programa\/465\" target=\"_blank\" rel=\"noopener\"><\/a><\/p>\n\n\n\n<p><strong>AEROMODELISMO<\/strong><br>MARIO PALMIERI<br>RICARDO PALMIERI<br>ENRIQUE LEVRINO &#8211; LEONARDO BARUCHELLI (EQUIPO F2C)<br><br><strong>AJEDREZ<\/strong><br>FELIPE DEL ZOPPO ROCCHETTI<br>SALVADOR DELGADO<br>PABLO FERREYRA<br><br><strong>ATLETISMO<\/strong><br>SANTIAGO DAPERNO<br>JOAQU\u00cdN CARBALLO<br>LEONELA L\u00d3PEZ<br>SOF\u00cdA FREGONA<br><br><strong>AUTOMODELISMO<\/strong><br>JOS\u00c9 FERNANDO FOTI<br>JUAN FRANCISCO KILGELMANN<br><br><strong>AUTOMOVILISMO NACIONAL<br><\/strong>CRISTIAN VAIRA<br>RICARDO SARACO<br>JOS\u00c9 COSTAMAGNA<br><br><strong>AUTOMOVILISMO ZONAL<br><\/strong>AGUST\u00cdN GHIOTTI<br>NICOL\u00c1S GONZ\u00c1LEZ<br>ALEJANDRO CIPOLAT<br><br><strong>B\u00c1SQUET<\/strong><br>GINO JES\u00daS GRAMAGLIA<br>AGUST\u00cdN R\u00cdOS<br>DANTE BENINCA<br>ANGELINA TOANI<br><br><strong>BILLAR<\/strong><br>PABLO PAGANI<br><br><strong>BOCHAS<\/strong><br>MART\u00cdN OVIEDO<br>LUCIANO CORREA<br>AN\u00cdBAL RODR\u00cdGUEZ<br>LUIS VALIENTE<br><br><strong>BOXEO<\/strong><br>YOANA RODR\u00cdGUEZ<br>FABRICIO SP\u00d3SITO<br>DAIANA D\u00cdAZ<br><br><strong>CICLISMO<\/strong><br>FRANCO GABRIEL PONS<br>LUCAS LUIS PERETTI<br>JOSEFINA ECHANIZ<br><br><strong>FISICOCULTURISMO<\/strong><br>MARIANELA JESICA ASTRADA<br>ERIC ARNOLDT<br>DAR\u00cdO PINCIROLI<br>DIEGO FONTANETTO<br><br><strong>F\u00daTBOL<\/strong><br>CAMILA JU\u00c1REZ<br>JUAN JOS\u00c9 WEINSSEN<br>MANUEL BUSTOS<br>DANIEL FERNANDO ITURRIA<br>OSCAR MALDONADO<br><br><strong>GIMNASIA ART\u00cdSTICA<br><\/strong>ARACELI BURGOS<br>LUISINA L\u00d3PEZ<br>JULIETA MENSEGUEZ<br><br><strong>GOLF<\/strong><br>LUC\u00cdA BOCCHETTO<br>FEDERICO TORRESAGASTI<br>GIOVANNI CABA\u00d1A<br><br><strong>HANDBALL<\/strong><br>LUISINA RODR\u00cdGUEZ<br>LAUTARO EL\u00cdAS SASSETTI<br>JOAQU\u00cdN ACOSTA<br><br><strong>HOCKEY<\/strong><br>GUILLERMINA ASTUDILLO<br>FLORENCIA CORVAL\u00c1N<br>ALDANA PINTOS<br>MORENA HERN\u00c1NDEZ<br><br><strong>INTERCOLEGIALES<\/strong><br>MAGALI ALLASSIA<br>JULIETA BRODA<br>NARELA PAZ<br>JULIA LAMBERT<br>VALENTINA MERLINO<br>FEDERICO DALMASO<br><br><strong>JIU-JITSU<br><\/strong>ALAN STRADA<br>GINO AGRANO<br>JOS\u00c9 PRAI<br><br><strong>KARATE<\/strong><br>OLIDEN QUIR\u00d3Z<br>AXEL NAVARRO<br>NICOL\u00c1S ECHEVARR\u00cdA<br>TIZIANO OESQUER<br><br><strong>MIDGET<\/strong><br>EUGENIO MAUTINO<br>GONZALO ZBRUN<br>TOM\u00c1S PLATINI<br><br><strong>MMA<\/strong><br>FRANCO TEVEZ<br>JUAN CRUZ RAMALLO<br>SERGIO LUQUE<br>IGNACIO CASTIGLIONI<br><br><strong>MOUNTAIN BIKE<br><\/strong>GABRIEL DURANDO<br>RA\u00daL DURANDO<br>NORBERTO WILLINER<br>DIEGO DRUBICH<br><br><strong>MOTOCICLISMO<\/strong><br>EMANUEL ZAMORA<br>AGUST\u00cdN DONATI<br>VALENTINO CHIABOTTO<br><br><strong>NATACI\u00d3N<\/strong><br>MARTINA GARC\u00cdA<br>LOURDES ALIPRANDI<br>PABLO C\u00c9SAR SCOZZINA<br>ANDR\u00c9S DONNET<br>MIRANDA C\u00c1CERES<br><br><strong>PADDLE<\/strong><br>FABRIZIO ALEJANDRO GARC\u00cdA<br>VALENTINO MINETTI<br>NICOL\u00c1S TELL<br><br><strong>PAT\u00cdN<\/strong><br>IRINA GUTI\u00c9RREZ<br>DELFINA PERALTA<br>INDRA GADLER<br>SOF\u00cdA ZOJA<br><br><strong>PEDESTRISMO<\/strong><br>MATEO QUIROGA<br>AGUST\u00cdN PECANTET<br>RODRIGO VISCONTI<br>GERM\u00c1N FERN\u00c1NDEZ<br><br><strong>PELOTA PALETA<br><\/strong>SANTIAGO BISANG<br>MATEO MONTOYA<br>LUIS MAR\u00cdA ZANONI<br>CRISTIAN EMMERT<br><br><strong>RUGBY<\/strong><br>GONZALO CLEMENZ<br>VALENTINO FERRERO<br>MARIANO FERRERO<br><br><strong>RURAL BIKE<br><\/strong>GABRIEL SCHMIT<br>LUISINA SIMONDI<br>CAROLINA ANTELLO<br>MARCELO GILLI<br><br><strong>SALTOS H\u00cdPICOS<br><\/strong>EMILIA GAGLIANO<br>V\u00cdCTOR MANUEL RICO<br>LILEN GIACOBONE<br><br><strong>TAEKWONDO<\/strong><br>BRENDA VALLEJOS<br>TIAGO ICASURIAGA<br>JEREM\u00cdAS SOMMER<br>ARIEL ROLD\u00c1N<br><br><strong>TENIS<\/strong><br>MAT\u00cdAS ALESSANDRIA<br>JOAQU\u00cdN ESCOBAR<br>JOSEFINA ZIMMERMANN<br><br><strong>TIRO CON ARCO<br><\/strong>LUCAS H\u00c9CTOR V\u00c1ZQUEZ<br>GERVASIO MOLINARO<br>MATEO LLODRA<br><br><strong>TIRO DEPORTIVO<br><\/strong>CLAUDIO ROMITELLI<br>PABLO ROBERTO FRANZETTI<br>LAUTARO SAMBRINI<br><br><strong>TRIATL\u00d3N<\/strong><br>VIRGINIA MILANESIO<br>FLORENCIA GIRO<br><br><strong>VOLEY<\/strong><br>MILAGROS LOURDES MESA<br>SOF\u00cdA SCHILLING<br>ANA GAIDO<br>JOAQU\u00cdN BURQUET<br><br><strong>VUELO A VELA<br><\/strong>MIGUEL \u00c1NGEL SERRANO<br>MARCOS MERO\u00d1O<br>GERM\u00c1N RUBIN<br><br><strong>WUSHU<\/strong><br>LARA CH\u00c1VEZ<br>VIOLETA MATTIO<br>LARISSA AMHERD<br>FRANCO AGUILAR<br><br><br><strong>&gt; PREMIOS ESPECIALES<br><\/strong><strong>DEPORTISTAS DE ALTO RENDIMIENTO<\/strong><br><br>TOM\u00c1S MONDINO &#8211; ATLETISMO<br>PEDRO EMMERT &#8211; ATLETISMO<br>ABRIL OKON &#8211; ATLETISMO<br>JUAN IGNACIO CANELA &#8211; AUTOMOVILISMO<br>DELFINA GENTINETTA &#8211; B\u00c1SQUET<br>MELISA GRETTER &#8211; B\u00c1SQUET<br>ROBERTO ACU\u00d1A&nbsp;&nbsp;&nbsp;&nbsp;B\u00c1SQUET<br>CANDELA GENTINETTA &#8211; B\u00c1SQUET<br>OMAR SERRANO &#8211; BOCHAS<br>V\u00cdCTOR EXNER &#8211; BOXEO<br>NICOL\u00c1S BLANCO &#8211;&nbsp;&nbsp;&nbsp;&nbsp;BOXEO<br>OMAR D\u00cdAZ &#8211;&nbsp;&nbsp;&nbsp;&nbsp;BOXEO<br>NATALIA VERA &#8211; CICLISMO<br>\u00c1NGELO MARTINO &#8211; F\u00daTBOL<br>LUCAS BLONDEL &#8211; F\u00daTBOL<br>FACUNDO COLIDIO&nbsp;&nbsp;&nbsp;&nbsp;F\u00daTBOL<br>FACUNDO LENCIONI &#8211; F\u00daTBOL<br>TOM\u00c1S POCHETINO &#8211; F\u00daTBOL<br>SEBASTIAN ACU\u00d1A &#8211; F\u00daTBOL<br>LUC\u00cdA GONZ\u00c1LEZ &#8211;&nbsp;&nbsp;&nbsp;&nbsp;GIMNASIA ART\u00cdSTICA<br>EMILIA ACOSTA &#8211; GIMNASIA ART\u00cdSTICA<br>GUSTAVO ACOSTA &#8211; GOLF<br>PEDRO RUBIOLO &#8211; RUGBY<br>MAYCO VIVAS &#8211; RUGBY<br>GERM\u00c1N ROMITELLI &#8211; TIRO<br>SUSANA HAUSWIRTH &#8211; TRIATL\u00d3N<br>CATALINA INGARAMO &#8211; TRIATL\u00d3N<br>SERGIO PERETTI &#8211; TRIATL\u00d3N<br><br><strong>&gt; PREMIOS ESPECIALES<\/strong><br><strong>EX DEPORTISTA<\/strong><br>WALTER PALMIERI<br><br><strong>&gt; PREMIOS ESPECIALES<br>AUXILIAR DEPORTIVO<\/strong><br>GISELA TRUCCO<\/p>\n\n\n\n<p>Con esta propuesta, se busca destacar la emoci\u00f3n del evento, presentar a los nominados de manera llamativa y agradecer a la audiencia por su apoyo, manteniendo un tono activo y directo.<\/p>\n","protected":false},"excerpt":{"rendered":"<p>La emoci\u00f3n est\u00e1 en el aire, y los reflectores se encienden para destacar a los<\/p>\n","protected":false},"author":1,"featured_media":1855,"comment_status":"closed","ping_status":"closed","sticky":false,"template":"","format":"standard","meta":{"footnotes":""},"categories":[13,19],"tags":[],"class_list":["post-1854","post","type-post","status-publish","format-standard","has-post-thumbnail","hentry","category-deporte","category-sociedad"],"_links":{"self":[{"href":"https:\/\/rafaeladigital.com\/noticias\/wp-json\/wp\/v2\/posts\/1854","targetHints":{"allow":["GET"]}}],"collection":[{"href":"https:\/\/rafaeladigital.com\/noticias\/wp-json\/wp\/v2\/posts"}],"about":[{"href":"https:\/\/rafaeladigital.com\/noticias\/wp-json\/wp\/v2\/types\/post"}],"author":[{"embeddable":true,"href":"https:\/\/rafaeladigital.com\/noticias\/wp-json\/wp\/v2\/users\/1"}],"replies":[{"embeddable":true,"href":"https:\/\/rafaeladigital.com\/noticias\/wp-json\/wp\/v2\/comments?post=1854"}],"version-history":[{"count":2,"href":"https:\/\/rafaeladigital.com\/noticias\/wp-json\/wp\/v2\/posts\/1854\/revisions"}],"predecessor-version":[{"id":1857,"href":"https:\/\/rafaeladigital.com\/noticias\/wp-json\/wp\/v2\/posts\/1854\/revisions\/1857"}],"wp:featuredmedia":[{"embeddable":true,"href":"https:\/\/rafaeladigital.com\/noticias\/wp-json\/wp\/v2\/media\/1855"}],"wp:attachment":[{"href":"https:\/\/rafaeladigital.com\/noticias\/wp-json\/wp\/v2\/media?parent=1854"}],"wp:term":[{"taxonomy":"category","embeddable":true,"href":"https:\/\/rafaeladigital.com\/noticias\/wp-json\/wp\/v2\/categories?post=1854"},{"taxonomy":"post_tag","embeddable":true,"href":"https:\/\/rafaeladigital.com\/noticias\/wp-json\/wp\/v2\/tags?post=1854"}],"curies":[{"name":"wp","href":"https:\/\/api.w.org\/{rel}","templated":true}]}}