{"id":1911,"date":"2023-12-19T18:42:00","date_gmt":"2023-12-19T21:42:00","guid":{"rendered":"https:\/\/rafaeladigital.com\/noticias\/?p=1911"},"modified":"2023-12-19T18:42:04","modified_gmt":"2023-12-19T21:42:04","slug":"atletico-de-rafaela-anuncia-su-primer-refuerzo-para-la-temporada-2024","status":"publish","type":"post","link":"https:\/\/rafaeladigital.com\/noticias\/atletico-de-rafaela-anuncia-su-primer-refuerzo-para-la-temporada-2024\/","title":{"rendered":"Atl\u00e9tico de Rafaela Anuncia su Primer Refuerzo para la Temporada 2024"},"content":{"rendered":"\n<p><strong>Francisco Javier Oliver, Una Apuesta Fuerte Desde Belgrano de C\u00f3rdoba<\/strong><\/p>\n\n\n\n<p>Atl\u00e9tico de Rafaela se complace en anunciar su primer refuerzo de cara a la temporada 2024 de la Primera Nacional. Francisco Javier Oliver, un talentoso defensor zurdo surgido en las Divisiones Inferiores del club y proveniente de Belgrano de C\u00f3rdoba, se suma al equipo para fortalecer su plantilla.<\/p>\n\n\n\n<h2 class=\"wp-block-heading\">Trayectoria Impresionante: Cuatro Ascensos a la Primera Divisi\u00f3n<\/h2>\n\n\n\n<p>Nacido en Santa Fe el 30 de mayo de 1995, Fran Oliver ha dejado una marca imborrable en el f\u00fatbol argentino con cuatro ascensos a la Primera Divisi\u00f3n. Su experiencia incluye exitosos pasos por San Mart\u00edn de Tucum\u00e1n, Sarmiento de Jun\u00edn, Tigre y Belgrano de C\u00f3rdoba. Su incorporaci\u00f3n promete aportar no solo habilidad sino tambi\u00e9n un historial de \u00e9xitos en el campo.<\/p>\n\n\n\n<h2 class=\"wp-block-heading\">Compromiso Hasta el 2024: Firmeza en el V\u00ednculo con Atl\u00e9tico de Rafaela<\/h2>\n\n\n\n<p>Despu\u00e9s de completar con \u00e9xito los ex\u00e1menes m\u00e9dicos, Oliver ha sellado su compromiso con Atl\u00e9tico de Rafaela, extendiendo su contrato hasta el 31 de diciembre de 2024. Este s\u00f3lido acuerdo demuestra la confianza mutua y la visi\u00f3n a largo plazo que ambas partes comparten.<\/p>\n\n\n\n<h2 class=\"wp-block-heading\">Fecha de Incorporaci\u00f3n y Preparaci\u00f3n Intensa<\/h2>\n\n\n\n<p>Con todo en orden, Francisco Javier Oliver se unir\u00e1 a los entrenamientos el pr\u00f3ximo martes 2 de enero. Es importante destacar que el equipo continuar\u00e1 con sus preparativos hasta el s\u00e1bado 23, retomando las sesiones de entrenamiento el segundo d\u00eda del pr\u00f3ximo a\u00f1o. La anticipaci\u00f3n y la dedicaci\u00f3n son claves para construir una base s\u00f3lida de cara a la temporada venidera.<br><br>Fuente: Prensa Atl\u00e9tico Rafaela<\/p>\n","protected":false},"excerpt":{"rendered":"<p>Francisco Javier Oliver, Una Apuesta Fuerte Desde Belgrano de C\u00f3rdoba Atl\u00e9tico de Rafaela se complace<\/p>\n","protected":false},"author":1,"featured_media":1909,"comment_status":"closed","ping_status":"closed","sticky":false,"template":"","format":"standard","meta":{"footnotes":""},"categories":[13],"tags":[],"class_list":["post-1911","post","type-post","status-publish","format-standard","has-post-thumbnail","hentry","category-deporte"],"_links":{"self":[{"href":"https:\/\/rafaeladigital.com\/noticias\/wp-json\/wp\/v2\/posts\/1911","targetHints":{"allow":["GET"]}}],"collection":[{"href":"https:\/\/rafaeladigital.com\/noticias\/wp-json\/wp\/v2\/posts"}],"about":[{"href":"https:\/\/rafaeladigital.com\/noticias\/wp-json\/wp\/v2\/types\/post"}],"author":[{"embeddable":true,"href":"https:\/\/rafaeladigital.com\/noticias\/wp-json\/wp\/v2\/users\/1"}],"replies":[{"embeddable":true,"href":"https:\/\/rafaeladigital.com\/noticias\/wp-json\/wp\/v2\/comments?post=1911"}],"version-history":[{"count":1,"href":"https:\/\/rafaeladigital.com\/noticias\/wp-json\/wp\/v2\/posts\/1911\/revisions"}],"predecessor-version":[{"id":1912,"href":"https:\/\/rafaeladigital.com\/noticias\/wp-json\/wp\/v2\/posts\/1911\/revisions\/1912"}],"wp:featuredmedia":[{"embeddable":true,"href":"https:\/\/rafaeladigital.com\/noticias\/wp-json\/wp\/v2\/media\/1909"}],"wp:attachment":[{"href":"https:\/\/rafaeladigital.com\/noticias\/wp-json\/wp\/v2\/media?parent=1911"}],"wp:term":[{"taxonomy":"category","embeddable":true,"href":"https:\/\/rafaeladigital.com\/noticias\/wp-json\/wp\/v2\/categories?post=1911"},{"taxonomy":"post_tag","embeddable":true,"href":"https:\/\/rafaeladigital.com\/noticias\/wp-json\/wp\/v2\/tags?post=1911"}],"curies":[{"name":"wp","href":"https:\/\/api.w.org\/{rel}","templated":true}]}}