{"id":1943,"date":"2023-12-21T14:04:16","date_gmt":"2023-12-21T17:04:16","guid":{"rendered":"https:\/\/rafaeladigital.com\/noticias\/?p=1943"},"modified":"2023-12-21T14:04:21","modified_gmt":"2023-12-21T17:04:21","slug":"pedro-rubiolo-el-deportista-del-ano-2023-en-rafaela","status":"publish","type":"post","link":"https:\/\/rafaeladigital.com\/noticias\/pedro-rubiolo-el-deportista-del-ano-2023-en-rafaela\/","title":{"rendered":"Pedro Rubiolo: El Deportista del A\u00f1o 2023 en Rafaela"},"content":{"rendered":"\n<h1 class=\"wp-block-heading\">Pedro Rubiolo: El Deportista del A\u00f1o 2023 en Rafaela<\/h1>\n\n\n\n<h2 class=\"wp-block-heading\">Destacada Trayectoria de Pedro Rubiolo en el Rugby<\/h2>\n\n\n\n<p>Pedro Rubiolo, jugador de rugby de Rafaela, fue honrado como el Deportista del A\u00f1o 2023 en la reciente Fiesta del Deporte de Rafaela. La premiaci\u00f3n, realizada en el Cine Teatro Municipal \u00abManuel Belgrano\u00bb, cont\u00f3 con la presencia de destacadas autoridades locales y reconocidos deportistas de diversas disciplinas.<\/p>\n\n\n\n<h3 class=\"wp-block-heading\">Logros Deportivos de Pedro Rubiolo<\/h3>\n\n\n\n<p>Surgido del C\u00edrculo Rafaelino de Rugby, Rubiolo tuvo un impactante a\u00f1o deportivo. Debut\u00f3 en la Selecci\u00f3n Argentina y particip\u00f3 en el Mundial de Francia, donde Los Pumas alcanzaron la cuarta posici\u00f3n. Actualmente, defiende la camiseta de Newcastle Falcons en Inglaterra.<\/p>\n\n\n\n<h2 class=\"wp-block-heading\">Reconocimiento a lo Mejor del Deporte en Rafaela<\/h2>\n\n\n\n<p>La Fiesta del Deporte de Rafaela, en su edici\u00f3n n\u00famero 26, reuni\u00f3 a atletas, familias y amigos en una velada dedicada a destacar los logros deportivos locales, provinciales, nacionales e internacionales. El intendente Leonardo Viotti encabez\u00f3 el evento, junto al subsecretario de Deportes y Recreaci\u00f3n, Hugo Morel, y otros funcionarios.<\/p>\n\n\n\n<h3 class=\"wp-block-heading\">Palabras de Hugo Morel y Perspectivas para el Futuro<\/h3>\n\n\n\n<p>Tras la entrega de premios, Hugo Morel expres\u00f3 su agradecimiento a periodistas, familias y, sobre todo, a los deportistas. Destac\u00f3 el orgullo por el deporte en la ciudad, subrayando el compromiso de la nueva gesti\u00f3n con los deportistas y las instituciones locales.<\/p>\n\n\n\n<h2 class=\"wp-block-heading\">Multidisciplinariedad en el Reconocimiento<\/h2>\n\n\n\n<p>La diversidad de disciplinas tambi\u00e9n fue protagonista en la premiaci\u00f3n. M\u00e1s de 40 disciplinas fueron destacadas, abarcando a 150 deportistas y sus respectivas instituciones. Desde aeromodelismo hasta saltos h\u00edpicos, la variedad resalt\u00f3 la riqueza del panorama deportivo rafaelino.<\/p>\n\n\n\n<h3 class=\"wp-block-heading\">Deportistas Destacados por Disciplina<\/h3>\n\n\n\n<h4 class=\"wp-block-heading\">Rugby<\/h4>\n\n\n\n<ul class=\"wp-block-list\">\n<li>Gonzalo Clemenz<\/li>\n\n\n\n<li>Valentino Ferrero<\/li>\n\n\n\n<li>Mariano Ferrero<\/li>\n<\/ul>\n\n\n\n<h4 class=\"wp-block-heading\">Atletismo<\/h4>\n\n\n\n<ul class=\"wp-block-list\">\n<li>Santiago Daperno<\/li>\n\n\n\n<li>Joaqu\u00edn Carballo<\/li>\n\n\n\n<li>Leonela L\u00f3pez<\/li>\n\n\n\n<li>Sof\u00eda Fregona<\/li>\n\n\n\n<li>Vanesa Peralta<\/li>\n<\/ul>\n\n\n\n<h4 class=\"wp-block-heading\">Automovilismo Nacional<\/h4>\n\n\n\n<ul class=\"wp-block-list\">\n<li>Cristian Vaira<\/li>\n\n\n\n<li>Ricardo Saraco<\/li>\n\n\n\n<li>Jos\u00e9 Costamagna<\/li>\n<\/ul>\n\n\n\n<h3 class=\"wp-block-heading\">Premios Especiales: Deportistas de Alto Rendimiento<\/h3>\n\n\n\n<p>La noche tambi\u00e9n brind\u00f3 reconocimientos especiales a deportistas de alto rendimiento en diversas disciplinas, incluyendo atletismo, automovilismo, b\u00e1squet, f\u00fatbol, gimnasia art\u00edstica, rugby, tiro y triatl\u00f3n, entre otras.<\/p>\n","protected":false},"excerpt":{"rendered":"<p>Pedro Rubiolo: El Deportista del A\u00f1o 2023 en Rafaela<\/p>\n","protected":false},"author":1,"featured_media":1944,"comment_status":"closed","ping_status":"closed","sticky":false,"template":"","format":"standard","meta":{"footnotes":""},"categories":[13,19],"tags":[],"class_list":["post-1943","post","type-post","status-publish","format-standard","has-post-thumbnail","hentry","category-deporte","category-sociedad"],"_links":{"self":[{"href":"https:\/\/rafaeladigital.com\/noticias\/wp-json\/wp\/v2\/posts\/1943","targetHints":{"allow":["GET"]}}],"collection":[{"href":"https:\/\/rafaeladigital.com\/noticias\/wp-json\/wp\/v2\/posts"}],"about":[{"href":"https:\/\/rafaeladigital.com\/noticias\/wp-json\/wp\/v2\/types\/post"}],"author":[{"embeddable":true,"href":"https:\/\/rafaeladigital.com\/noticias\/wp-json\/wp\/v2\/users\/1"}],"replies":[{"embeddable":true,"href":"https:\/\/rafaeladigital.com\/noticias\/wp-json\/wp\/v2\/comments?post=1943"}],"version-history":[{"count":1,"href":"https:\/\/rafaeladigital.com\/noticias\/wp-json\/wp\/v2\/posts\/1943\/revisions"}],"predecessor-version":[{"id":1945,"href":"https:\/\/rafaeladigital.com\/noticias\/wp-json\/wp\/v2\/posts\/1943\/revisions\/1945"}],"wp:featuredmedia":[{"embeddable":true,"href":"https:\/\/rafaeladigital.com\/noticias\/wp-json\/wp\/v2\/media\/1944"}],"wp:attachment":[{"href":"https:\/\/rafaeladigital.com\/noticias\/wp-json\/wp\/v2\/media?parent=1943"}],"wp:term":[{"taxonomy":"category","embeddable":true,"href":"https:\/\/rafaeladigital.com\/noticias\/wp-json\/wp\/v2\/categories?post=1943"},{"taxonomy":"post_tag","embeddable":true,"href":"https:\/\/rafaeladigital.com\/noticias\/wp-json\/wp\/v2\/tags?post=1943"}],"curies":[{"name":"wp","href":"https:\/\/api.w.org\/{rel}","templated":true}]}}