{"id":2037,"date":"2024-01-09T11:26:20","date_gmt":"2024-01-09T14:26:20","guid":{"rendered":"https:\/\/rafaeladigital.com\/noticias\/?p=2037"},"modified":"2024-01-09T11:26:25","modified_gmt":"2024-01-09T14:26:25","slug":"aborto-provocado-la-primera-causa-de-muerte-en-el-mundo-con-mas-de-73-millones-de-casos","status":"publish","type":"post","link":"https:\/\/rafaeladigital.com\/noticias\/aborto-provocado-la-primera-causa-de-muerte-en-el-mundo-con-mas-de-73-millones-de-casos\/","title":{"rendered":"Aborto provocado: la primera causa de muerte en el mundo con m\u00e1s de 73 millones de casos"},"content":{"rendered":"\n<p>Seg\u00fan los datos estad\u00edsticas compilados por Worldometers, en el a\u00f1o 2022 hubo m\u00e1s de 73 millones de abortos provocados en todo el mundo, convirti\u00e9ndose as\u00ed en la primera causa de muerte (el 52% del total de 140 millones de fallecidos) y superando a la suma del resto de causas.<\/p>\n\n\n\n<figure class=\"wp-block-gallery has-nested-images columns-default is-cropped wp-block-gallery-2 is-layout-flex wp-block-gallery-is-layout-flex\">\n<figure class=\"wp-block-image size-large\"><img decoding=\"async\" width=\"821\" height=\"1024\" data-id=\"2039\" data-src=\"https:\/\/rafaeladigital.com\/noticias\/wp-content\/uploads\/2024\/01\/418422569_18302635513122128_6880637541958346218_n-821x1024.jpg\" alt=\"\" class=\"wp-image-2039 lazyload\" title=\"\" data-srcset=\"https:\/\/rafaeladigital.com\/noticias\/wp-content\/uploads\/2024\/01\/418422569_18302635513122128_6880637541958346218_n-821x1024.jpg 821w, https:\/\/rafaeladigital.com\/noticias\/wp-content\/uploads\/2024\/01\/418422569_18302635513122128_6880637541958346218_n-240x300.jpg 240w, https:\/\/rafaeladigital.com\/noticias\/wp-content\/uploads\/2024\/01\/418422569_18302635513122128_6880637541958346218_n-768x958.jpg 768w, https:\/\/rafaeladigital.com\/noticias\/wp-content\/uploads\/2024\/01\/418422569_18302635513122128_6880637541958346218_n-1231x1536.jpg 1231w, https:\/\/rafaeladigital.com\/noticias\/wp-content\/uploads\/2024\/01\/418422569_18302635513122128_6880637541958346218_n-1024x1278.jpg 1024w, https:\/\/rafaeladigital.com\/noticias\/wp-content\/uploads\/2024\/01\/418422569_18302635513122128_6880637541958346218_n.jpg 1440w\" data-sizes=\"(max-width: 821px) 100vw, 821px\" src=\"data:image\/svg+xml;base64,PHN2ZyB3aWR0aD0iMSIgaGVpZ2h0PSIxIiB4bWxucz0iaHR0cDovL3d3dy53My5vcmcvMjAwMC9zdmciPjwvc3ZnPg==\" style=\"--smush-placeholder-width: 821px; --smush-placeholder-aspect-ratio: 821\/1024;\" \/><\/figure>\n\n\n\n<figure class=\"wp-block-image size-large\"><img decoding=\"async\" width=\"821\" height=\"1024\" data-id=\"2038\" data-src=\"https:\/\/rafaeladigital.com\/noticias\/wp-content\/uploads\/2024\/01\/418483731_18302635522122128_1037167292418413270_n-821x1024.jpg\" alt=\"\" class=\"wp-image-2038 lazyload\" title=\"\" data-srcset=\"https:\/\/rafaeladigital.com\/noticias\/wp-content\/uploads\/2024\/01\/418483731_18302635522122128_1037167292418413270_n-821x1024.jpg 821w, https:\/\/rafaeladigital.com\/noticias\/wp-content\/uploads\/2024\/01\/418483731_18302635522122128_1037167292418413270_n-240x300.jpg 240w, https:\/\/rafaeladigital.com\/noticias\/wp-content\/uploads\/2024\/01\/418483731_18302635522122128_1037167292418413270_n-768x958.jpg 768w, https:\/\/rafaeladigital.com\/noticias\/wp-content\/uploads\/2024\/01\/418483731_18302635522122128_1037167292418413270_n-1231x1536.jpg 1231w, https:\/\/rafaeladigital.com\/noticias\/wp-content\/uploads\/2024\/01\/418483731_18302635522122128_1037167292418413270_n-1024x1278.jpg 1024w, https:\/\/rafaeladigital.com\/noticias\/wp-content\/uploads\/2024\/01\/418483731_18302635522122128_1037167292418413270_n.jpg 1440w\" data-sizes=\"(max-width: 821px) 100vw, 821px\" src=\"data:image\/svg+xml;base64,PHN2ZyB3aWR0aD0iMSIgaGVpZ2h0PSIxIiB4bWxucz0iaHR0cDovL3d3dy53My5vcmcvMjAwMC9zdmciPjwvc3ZnPg==\" style=\"--smush-placeholder-width: 821px; --smush-placeholder-aspect-ratio: 821\/1024;\" \/><\/figure>\n<\/figure>\n\n\n\n<p>El n\u00famero de abortos es incomprensible, pero cada uno de esos 73 millones de abortos en todo el mundo en 2022 representa a un ser humano vivo cuya vida fue destruida violentamente en el vientre de su madre. Cada beb\u00e9 no nacido ya ten\u00eda su propio ADN \u00fanico, lo que le hac\u00eda distinto de su madre. Ese ADN indicaba si el ni\u00f1o era ni\u00f1o o ni\u00f1a, su color de ojos y cabello, su altura, y mucho m\u00e1s.<\/p>\n\n\n\n<p>En la mayor\u00eda de los casos, los corazones de los beb\u00e9s no nacidos est\u00e1n latiendo cuando son abortados.<br><br>Fuente : <a href=\"https:\/\/juanarganaraz.com.ar\/noticias\/generales\/mas-del-50-de-las-muertes-en-el-mundo-son-por-abortos-provocados%e2%80%bc%ef%b8%8f\/\" data-type=\"link\" data-id=\"https:\/\/juanarganaraz.com.ar\/noticias\/generales\/mas-del-50-de-las-muertes-en-el-mundo-son-por-abortos-provocados%e2%80%bc%ef%b8%8f\/\" target=\"_blank\" rel=\"noopener\">Juan Arga\u00f1araz<\/a><\/p>\n","protected":false},"excerpt":{"rendered":"<p>Seg\u00fan los datos estad\u00edsticas compilados por Worldometers, en el a\u00f1o 2022 hubo m\u00e1s de 73<\/p>\n","protected":false},"author":1,"featured_media":2040,"comment_status":"closed","ping_status":"closed","sticky":false,"template":"","format":"standard","meta":{"footnotes":""},"categories":[3,14],"tags":[],"class_list":["post-2037","post","type-post","status-publish","format-standard","has-post-thumbnail","hentry","category-salud","category-cultura-sociedad"],"_links":{"self":[{"href":"https:\/\/rafaeladigital.com\/noticias\/wp-json\/wp\/v2\/posts\/2037","targetHints":{"allow":["GET"]}}],"collection":[{"href":"https:\/\/rafaeladigital.com\/noticias\/wp-json\/wp\/v2\/posts"}],"about":[{"href":"https:\/\/rafaeladigital.com\/noticias\/wp-json\/wp\/v2\/types\/post"}],"author":[{"embeddable":true,"href":"https:\/\/rafaeladigital.com\/noticias\/wp-json\/wp\/v2\/users\/1"}],"replies":[{"embeddable":true,"href":"https:\/\/rafaeladigital.com\/noticias\/wp-json\/wp\/v2\/comments?post=2037"}],"version-history":[{"count":1,"href":"https:\/\/rafaeladigital.com\/noticias\/wp-json\/wp\/v2\/posts\/2037\/revisions"}],"predecessor-version":[{"id":2041,"href":"https:\/\/rafaeladigital.com\/noticias\/wp-json\/wp\/v2\/posts\/2037\/revisions\/2041"}],"wp:featuredmedia":[{"embeddable":true,"href":"https:\/\/rafaeladigital.com\/noticias\/wp-json\/wp\/v2\/media\/2040"}],"wp:attachment":[{"href":"https:\/\/rafaeladigital.com\/noticias\/wp-json\/wp\/v2\/media?parent=2037"}],"wp:term":[{"taxonomy":"category","embeddable":true,"href":"https:\/\/rafaeladigital.com\/noticias\/wp-json\/wp\/v2\/categories?post=2037"},{"taxonomy":"post_tag","embeddable":true,"href":"https:\/\/rafaeladigital.com\/noticias\/wp-json\/wp\/v2\/tags?post=2037"}],"curies":[{"name":"wp","href":"https:\/\/api.w.org\/{rel}","templated":true}]}}