{"id":2093,"date":"2024-02-04T11:44:46","date_gmt":"2024-02-04T14:44:46","guid":{"rendered":"https:\/\/rafaeladigital.com\/noticias\/?p=2093"},"modified":"2024-02-04T11:44:49","modified_gmt":"2024-02-04T14:44:49","slug":"javier-milei-y-la-aprobacion-de-la-ley-omnibus","status":"publish","type":"post","link":"https:\/\/rafaeladigital.com\/noticias\/javier-milei-y-la-aprobacion-de-la-ley-omnibus\/","title":{"rendered":"Javier Milei y la Aprobaci\u00f3n de la Ley \u00d3mnibus"},"content":{"rendered":"\n<p>El pol\u00e9mico economista y pol\u00edtico argentino, Javier Milei, reacciona ante la aprobaci\u00f3n de la Ley \u00d3mnibus con sus habituales comentarios directos y apasionados. Este acontecimiento, que ha capturado la atenci\u00f3n de la naci\u00f3n, marca un hito en el panorama pol\u00edtico y econ\u00f3mico del pa\u00eds.<\/p>\n\n\n\n<h3 class=\"wp-block-heading\">Impacto de la Ley \u00d3mnibus en la Econom\u00eda Nacional<\/h3>\n\n\n\n<p>Con la reciente aprobaci\u00f3n de la Ley \u00d3mnibus, se desata un torbellino de cambios que afectar\u00e1n directamente la econom\u00eda argentina. Milei, conocido por su postura liberal y cr\u00edticas a intervenciones estatales, no ha dudado en expresar sus preocupaciones sobre el impacto econ\u00f3mico negativo que podr\u00eda surgir.<\/p>\n\n\n\n<h3 class=\"wp-block-heading\">Milei: \u00abUn Golpe a la Libertad Econ\u00f3mica\u00bb<\/h3>\n\n\n\n<p>En sus declaraciones, Milei sostiene que la Ley \u00d3mnibus representa un golpe directo a la libertad econ\u00f3mica, limitando la capacidad de los individuos y empresas para operar sin restricciones. Este enfoque directo y claro resuena con aquellos que comparten sus puntos de vista sobre la importancia de la autonom\u00eda econ\u00f3mica.<\/p>\n\n\n\n<h3 class=\"wp-block-heading\">Repercusiones en los Sectores Clave<\/h3>\n\n\n\n<h4 class=\"wp-block-heading\"><strong>Efectos en el Sector Empresarial<\/strong><\/h4>\n\n\n\n<p>La aprobaci\u00f3n de la Ley \u00d3mnibus podr\u00eda tener consecuencias significativas en el sector empresarial. Milei advierte sobre posibles restricciones que podr\u00edan obstaculizar la creaci\u00f3n y expansi\u00f3n de negocios, generando preocupaci\u00f3n en la comunidad empresarial.<\/p>\n\n\n\n<h4 class=\"wp-block-heading\"><strong>Impacto en el Empleo<\/strong><\/h4>\n\n\n\n<p>El economista tambi\u00e9n destaca el riesgo de impacto negativo en el empleo. La implementaci\u00f3n de medidas restrictivas podr\u00eda llevar a una disminuci\u00f3n en la generaci\u00f3n de empleo y a un aumento en la inseguridad laboral, seg\u00fan advierte Milei.<\/p>\n\n\n\n<h3 class=\"wp-block-heading\">La Posici\u00f3n de Milei: Un Llamado a la Acci\u00f3n<\/h3>\n\n\n\n<p>En medio de sus cr\u00edticas, Milei hace un llamado a la acci\u00f3n. Insta a la sociedad a mantenerse informada y activa, enfatizando la importancia de participar en el proceso pol\u00edtico para salvaguardar los principios de libertad y autonom\u00eda econ\u00f3mica.<\/p>\n\n\n\n<h3 class=\"wp-block-heading\">Conclusiones Finales<\/h3>\n\n\n\n<p>La reacci\u00f3n de Javier Milei ante la aprobaci\u00f3n de la Ley \u00d3mnibus no solo es un reflejo de sus convicciones, sino tambi\u00e9n un llamado a la reflexi\u00f3n para todos los argentinos. A medida que el pa\u00eds se enfrenta a cambios significativos, la voz clara y apasionada de Milei resuena como un recordatorio de la importancia de la participaci\u00f3n ciudadana en la construcci\u00f3n del futuro de la naci\u00f3n.<\/p>\n\n\n\n<p>En resumen, la aprobaci\u00f3n de la Ley \u00d3mnibus marca un cap\u00edtulo crucial en la historia pol\u00edtica y econ\u00f3mica de Argentina, y la posici\u00f3n de Milei agrega una perspectiva valiosa al debate en curso.<\/p>\n","protected":false},"excerpt":{"rendered":"<p>El pol\u00e9mico economista y pol\u00edtico argentino, Javier Milei, reacciona ante la aprobaci\u00f3n de la Ley<\/p>\n","protected":false},"author":1,"featured_media":2094,"comment_status":"closed","ping_status":"closed","sticky":false,"template":"","format":"standard","meta":{"footnotes":""},"categories":[1,20],"tags":[],"class_list":["post-2093","post","type-post","status-publish","format-standard","has-post-thumbnail","hentry","category-politica","category-argentina"],"_links":{"self":[{"href":"https:\/\/rafaeladigital.com\/noticias\/wp-json\/wp\/v2\/posts\/2093","targetHints":{"allow":["GET"]}}],"collection":[{"href":"https:\/\/rafaeladigital.com\/noticias\/wp-json\/wp\/v2\/posts"}],"about":[{"href":"https:\/\/rafaeladigital.com\/noticias\/wp-json\/wp\/v2\/types\/post"}],"author":[{"embeddable":true,"href":"https:\/\/rafaeladigital.com\/noticias\/wp-json\/wp\/v2\/users\/1"}],"replies":[{"embeddable":true,"href":"https:\/\/rafaeladigital.com\/noticias\/wp-json\/wp\/v2\/comments?post=2093"}],"version-history":[{"count":1,"href":"https:\/\/rafaeladigital.com\/noticias\/wp-json\/wp\/v2\/posts\/2093\/revisions"}],"predecessor-version":[{"id":2095,"href":"https:\/\/rafaeladigital.com\/noticias\/wp-json\/wp\/v2\/posts\/2093\/revisions\/2095"}],"wp:featuredmedia":[{"embeddable":true,"href":"https:\/\/rafaeladigital.com\/noticias\/wp-json\/wp\/v2\/media\/2094"}],"wp:attachment":[{"href":"https:\/\/rafaeladigital.com\/noticias\/wp-json\/wp\/v2\/media?parent=2093"}],"wp:term":[{"taxonomy":"category","embeddable":true,"href":"https:\/\/rafaeladigital.com\/noticias\/wp-json\/wp\/v2\/categories?post=2093"},{"taxonomy":"post_tag","embeddable":true,"href":"https:\/\/rafaeladigital.com\/noticias\/wp-json\/wp\/v2\/tags?post=2093"}],"curies":[{"name":"wp","href":"https:\/\/api.w.org\/{rel}","templated":true}]}}