{"id":2203,"date":"2024-02-18T12:00:13","date_gmt":"2024-02-18T15:00:13","guid":{"rendered":"https:\/\/rafaeladigital.com\/noticias\/?p=2203"},"modified":"2024-02-18T12:00:19","modified_gmt":"2024-02-18T15:00:19","slug":"desafio-legal-gobierno-busca-revertir-fallo-sobre-capitulo-laboral-del-dnu","status":"publish","type":"post","link":"https:\/\/rafaeladigital.com\/noticias\/desafio-legal-gobierno-busca-revertir-fallo-sobre-capitulo-laboral-del-dnu\/","title":{"rendered":"Desaf\u00edo Legal: Gobierno Busca Revertir Fallo sobre Cap\u00edtulo Laboral del DNU"},"content":{"rendered":"\n<p>El Gobierno Nacional ha tomado medidas decisivas al presentar un recurso ante la Corte Suprema de Justicia en busca de revertir el fallo que declar\u00f3 inconstitucional y suspendi\u00f3 la aplicaci\u00f3n del cap\u00edtulo laboral del decreto de necesidad y urgencia (DNU) 70\/23. En esta crucial batalla legal, la Procuraci\u00f3n del Tesoro de la Naci\u00f3n (PTN) lidera el frente, cuestionando fuertemente la decisi\u00f3n judicial y la postura de la Confederaci\u00f3n General del Trabajo (CGT).<\/p>\n\n\n\n<h2 class=\"wp-block-heading\">Cr\u00edticas y Argumentos de la PTN<\/h2>\n\n\n\n<p>En su presentaci\u00f3n de aproximadamente 40 p\u00e1ginas, los abogados de la PTN arremeten contra la justicia laboral y la CGT, se\u00f1alando la falta de argumentos s\u00f3lidos que respalden la inconstitucionalidad del DNU. \u00abNo surge de la sentencia recurrida, ni de las constancias de la causa, argumento alguno sustentado en prueba, que indique de qu\u00e9 manera la vigencia del DNU restringe o menoscaba los derechos en materia de libertad sindical que ostenta la actora\u00bb, expresaron los representantes legales.<\/p>\n\n\n\n<h2 class=\"wp-block-heading\">Enfocados en la \u00abNecesidad y Urgencia\u00bb<\/h2>\n\n\n\n<p>La controversia principal gira en torno a la invocaci\u00f3n de las condiciones de \u00abnecesidad y urgencia\u00bb por parte del Poder Ejecutivo para implementar las reformas laborales sin pasar por el Congreso. Los jueces de la C\u00e1mara Federal del Trabajo hab\u00edan destacado la excepcionalidad requerida para tal acci\u00f3n, seg\u00fan el art\u00edculo 99 de la Constituci\u00f3n Nacional. En este sentido, la PTN cuestiona la ponderaci\u00f3n elevada y no justificada que el tribunal otorg\u00f3 a la necesidad y urgencia como habilitantes del DNU.<\/p>\n\n\n\n<h2 class=\"wp-block-heading\">Reformas Laborales en el Ojo del Hurac\u00e1n<\/h2>\n\n\n\n<p>La C\u00e1mara Nacional del Trabajo, en una decisi\u00f3n del 30 de enero, declar\u00f3 la inconstitucionalidad de todos los art\u00edculos del cap\u00edtulo laboral contenido en el T\u00edtulo IV del DNU 70\/2023. Este fallo se bas\u00f3 en la contradicci\u00f3n con el art\u00edculo 99 inciso 3 de la Constituci\u00f3n Nacional, que establece l\u00edmites claros para las facultades legislativas del Ejecutivo.<\/p>\n\n\n\n<h2 class=\"wp-block-heading\">El Llamado a la Acci\u00f3n<\/h2>\n\n\n\n<p>Este enfrentamiento legal plantea preguntas fundamentales sobre el equilibrio entre la necesidad de reformas laborales y los procedimientos establecidos por la Constituci\u00f3n. La sociedad est\u00e1 atenta a c\u00f3mo se resolver\u00e1 este conflicto entre el Gobierno y la justicia, con implicaciones significativas para los trabajadores y el panorama laboral en Argentina.<\/p>\n\n\n\n<p>Al tomar esta medida, el Gobierno busca no solo defender sus decisiones sino tambi\u00e9n recalcar la importancia de la rigurosa excepcionalidad en el ejercicio de facultades legislativas. La lucha contin\u00faa en el terreno legal, donde la PTN defiende la legalidad y la necesidad de las reformas planteadas en el DNU.<br><br><\/p>\n","protected":false},"excerpt":{"rendered":"<p>Reformas Laborales en el Ojo del Hurac\u00e1n<\/p>\n","protected":false},"author":1,"featured_media":2204,"comment_status":"closed","ping_status":"closed","sticky":false,"template":"","format":"standard","meta":{"footnotes":""},"categories":[1,20],"tags":[67,65,66,28],"class_list":["post-2203","post","type-post","status-publish","format-standard","has-post-thumbnail","hentry","category-politica","category-argentina","tag-cgt","tag-dnu","tag-gremios","tag-politica"],"_links":{"self":[{"href":"https:\/\/rafaeladigital.com\/noticias\/wp-json\/wp\/v2\/posts\/2203","targetHints":{"allow":["GET"]}}],"collection":[{"href":"https:\/\/rafaeladigital.com\/noticias\/wp-json\/wp\/v2\/posts"}],"about":[{"href":"https:\/\/rafaeladigital.com\/noticias\/wp-json\/wp\/v2\/types\/post"}],"author":[{"embeddable":true,"href":"https:\/\/rafaeladigital.com\/noticias\/wp-json\/wp\/v2\/users\/1"}],"replies":[{"embeddable":true,"href":"https:\/\/rafaeladigital.com\/noticias\/wp-json\/wp\/v2\/comments?post=2203"}],"version-history":[{"count":1,"href":"https:\/\/rafaeladigital.com\/noticias\/wp-json\/wp\/v2\/posts\/2203\/revisions"}],"predecessor-version":[{"id":2205,"href":"https:\/\/rafaeladigital.com\/noticias\/wp-json\/wp\/v2\/posts\/2203\/revisions\/2205"}],"wp:featuredmedia":[{"embeddable":true,"href":"https:\/\/rafaeladigital.com\/noticias\/wp-json\/wp\/v2\/media\/2204"}],"wp:attachment":[{"href":"https:\/\/rafaeladigital.com\/noticias\/wp-json\/wp\/v2\/media?parent=2203"}],"wp:term":[{"taxonomy":"category","embeddable":true,"href":"https:\/\/rafaeladigital.com\/noticias\/wp-json\/wp\/v2\/categories?post=2203"},{"taxonomy":"post_tag","embeddable":true,"href":"https:\/\/rafaeladigital.com\/noticias\/wp-json\/wp\/v2\/tags?post=2203"}],"curies":[{"name":"wp","href":"https:\/\/api.w.org\/{rel}","templated":true}]}}