{"id":2228,"date":"2024-02-24T11:54:12","date_gmt":"2024-02-24T14:54:12","guid":{"rendered":"https:\/\/rafaeladigital.com\/noticias\/?p=2228"},"modified":"2024-02-24T11:54:17","modified_gmt":"2024-02-24T14:54:17","slug":"desafios-economicos-impiden-la-participacion-en-el-torneo-de-la-primera-b-de-afa-del-futbol-femenino-de-atletico-de-rafaela","status":"publish","type":"post","link":"https:\/\/rafaeladigital.com\/noticias\/desafios-economicos-impiden-la-participacion-en-el-torneo-de-la-primera-b-de-afa-del-futbol-femenino-de-atletico-de-rafaela\/","title":{"rendered":"Desaf\u00edos Econ\u00f3micos Impiden la Participaci\u00f3n en el Torneo de la Primera \u00abB\u00bb de AFA del F\u00fatbol Femenino de Atl\u00e9tico de Rafaela"},"content":{"rendered":"\n<p>Atl\u00e9tico de Rafaela se ve obligado a tomar una decisi\u00f3n dif\u00edcil: no participar\u00e1 en el Torneo de la Primera \u00abB\u00bb de AFA. El Consejo Directivo, consciente de la importancia del f\u00fatbol femenino, desea informar a socios, simpatizantes y al p\u00fablico en general sobre las razones detr\u00e1s de esta decisi\u00f3n.<\/p>\n\n\n\n<h3 class=\"wp-block-heading\">Compromisos Hist\u00f3ricos y Desaf\u00edos Actuales<\/h3>\n\n\n\n<p>El 2023 quedar\u00e1 grabado en la historia del club por los notables logros obtenidos. Sin embargo, hasta el \u00faltimo momento, el Consejo Directivo explor\u00f3 diversas opciones para mantener la participaci\u00f3n en el torneo. La dif\u00edcil situaci\u00f3n econ\u00f3mica actual ha generado desaf\u00edos significativos.<\/p>\n\n\n\n<h3 class=\"wp-block-heading\">La B\u00fasqueda de Soluciones<\/h3>\n\n\n\n<p>En un intento por cubrir el presupuesto necesario, se realizaron esfuerzos exhaustivos. Lamentablemente, la falta de inter\u00e9s en sponsorear la participaci\u00f3n y los altos costos involucrados hicieron que cualquier esfuerzo resultara infructuoso.<\/p>\n\n\n\n<h3 class=\"wp-block-heading\">Mensaje del Consejo Directivo<\/h3>\n\n\n\n<p>El Consejo Directivo lamenta profundamente la situaci\u00f3n actual, reconociendo la importancia del f\u00fatbol femenino. Sin embargo, se destaca que la prioridad absoluta es el bienestar econ\u00f3mico y financiero de la instituci\u00f3n. Esta decisi\u00f3n, aunque dif\u00edcil, se toma con la certeza de preservar la estabilidad a largo plazo del club.<\/p>\n","protected":false},"excerpt":{"rendered":"<p>Mensaje del Consejo Directivo<\/p>\n","protected":false},"author":1,"featured_media":2229,"comment_status":"closed","ping_status":"closed","sticky":false,"template":"","format":"standard","meta":{"footnotes":""},"categories":[19,13],"tags":[46,36,79,47,80,45],"class_list":["post-2228","post","type-post","status-publish","format-standard","has-post-thumbnail","hentry","category-sociedad","category-deporte","tag-atletico-rafaela","tag-economia","tag-femenino","tag-futbol","tag-primera-b","tag-rafaela"],"_links":{"self":[{"href":"https:\/\/rafaeladigital.com\/noticias\/wp-json\/wp\/v2\/posts\/2228","targetHints":{"allow":["GET"]}}],"collection":[{"href":"https:\/\/rafaeladigital.com\/noticias\/wp-json\/wp\/v2\/posts"}],"about":[{"href":"https:\/\/rafaeladigital.com\/noticias\/wp-json\/wp\/v2\/types\/post"}],"author":[{"embeddable":true,"href":"https:\/\/rafaeladigital.com\/noticias\/wp-json\/wp\/v2\/users\/1"}],"replies":[{"embeddable":true,"href":"https:\/\/rafaeladigital.com\/noticias\/wp-json\/wp\/v2\/comments?post=2228"}],"version-history":[{"count":1,"href":"https:\/\/rafaeladigital.com\/noticias\/wp-json\/wp\/v2\/posts\/2228\/revisions"}],"predecessor-version":[{"id":2230,"href":"https:\/\/rafaeladigital.com\/noticias\/wp-json\/wp\/v2\/posts\/2228\/revisions\/2230"}],"wp:featuredmedia":[{"embeddable":true,"href":"https:\/\/rafaeladigital.com\/noticias\/wp-json\/wp\/v2\/media\/2229"}],"wp:attachment":[{"href":"https:\/\/rafaeladigital.com\/noticias\/wp-json\/wp\/v2\/media?parent=2228"}],"wp:term":[{"taxonomy":"category","embeddable":true,"href":"https:\/\/rafaeladigital.com\/noticias\/wp-json\/wp\/v2\/categories?post=2228"},{"taxonomy":"post_tag","embeddable":true,"href":"https:\/\/rafaeladigital.com\/noticias\/wp-json\/wp\/v2\/tags?post=2228"}],"curies":[{"name":"wp","href":"https:\/\/api.w.org\/{rel}","templated":true}]}}