{"id":2257,"date":"2024-02-25T10:20:03","date_gmt":"2024-02-25T13:20:03","guid":{"rendered":"https:\/\/rafaeladigital.com\/noticias\/?p=2257"},"modified":"2024-02-25T10:20:48","modified_gmt":"2024-02-25T13:20:48","slug":"milei-en-cpac-desmontando-mitos-del-socialismo-y-abogando-por-una-argentina-grande-de-nuevo","status":"publish","type":"post","link":"https:\/\/rafaeladigital.com\/noticias\/milei-en-cpac-desmontando-mitos-del-socialismo-y-abogando-por-una-argentina-grande-de-nuevo\/","title":{"rendered":"Milei en CPAC: Desmontando Mitos del Socialismo y Abogando por una Argentina Grande de Nuevo"},"content":{"rendered":"\n<p>En la reciente Conferencia de la Acci\u00f3n Pol\u00edtica Conservadora (CPAC) de Washington, el presidente argentino Javier Milei protagoniz\u00f3 un discurso impactante, desafiando las ideas socialistas y abogando por una visi\u00f3n renovada para Argentina.<\/p>\n\n\n\n<h2 class=\"wp-block-heading\">Desglosando la Econom\u00eda Neocl\u00e1sica y sus Implicaciones<\/h2>\n\n\n\n<p>En el coraz\u00f3n de su discurso, Milei abord\u00f3 la econom\u00eda neocl\u00e1sica, destacando c\u00f3mo su enfoque en los fallos de mercado sirve de base al socialismo. Sostuvo que esta perspectiva perjudica el crecimiento econ\u00f3mico, obstaculizando mejoras en el bienestar y la lucha contra la pobreza.<\/p>\n\n\n\n<h2 class=\"wp-block-heading\">Cr\u00edticas a la Intervenci\u00f3n Estatal: \u00abViolenta\u00bb y Disruptiva<\/h2>\n\n\n\n<p>El mandatario no escatim\u00f3 palabras al describir la intervenci\u00f3n estatal como \u00abviolenta\u00bb y perjudicial para el funcionamiento eficiente del sistema. Subray\u00f3 c\u00f3mo esta pr\u00e1ctica introduce ruido, debilitando el entramado econ\u00f3mico.<\/p>\n\n\n\n<h2 class=\"wp-block-heading\">Argentina: Un Despertar de Leones<\/h2>\n\n\n\n<p>Haciendo un gui\u00f1o a Donald Trump, Milei expres\u00f3 su compromiso de hacer \u00abuna Argentina grande de nuevo\u00bb. Denunci\u00f3 la corrupci\u00f3n en la clase pol\u00edtica, los empresarios coludidos y los medios de comunicaci\u00f3n corruptos. Destac\u00f3 la resistencia contra estos elementos y proclam\u00f3 el despertar de leones, no de corderos.<\/p>\n\n\n\n<h2 class=\"wp-block-heading\">Advertencia a Estados Unidos: No al Socialismo, No a la Regulaci\u00f3n<\/h2>\n\n\n\n<p>Milei hizo un llamado a Estados Unidos para resistir el avance del socialismo, rechazar la regulaci\u00f3n excesiva y oponerse a la agenda del aborto. Alert\u00f3 sobre las consecuencias de ceder ante la justicia social, instando a no sacrificar la libertad, ya que podr\u00eda llevar al pa\u00eds a la miseria.<\/p>\n\n\n\n<h2 class=\"wp-block-heading\">Reformas Estructurales en Argentina<\/h2>\n\n\n\n<p>Recordando sus primeras acciones como presidente, Milei mencion\u00f3 reformas estructurales destinadas a otorgar m\u00e1s libertad a los argentinos. Enfrentando resistencias de pol\u00edticos corruptos, empresarios prebendarios y medios molestos, reafirm\u00f3 su compromiso con un cambio significativo.<\/p>\n\n\n\n<h2 class=\"wp-block-heading\">Perspectiva Hist\u00f3rica: De la Riqueza a la Pobreza<\/h2>\n\n\n\n<p>El presidente subray\u00f3 la ca\u00edda de Argentina en el ranking mundial, atribuy\u00e9ndolo a m\u00e1s de 380 mil regulaciones que obstaculizan la econom\u00eda. Abog\u00f3 por el libre comercio como promotor de la paz, elogiando el papel del empresario como benefactor social y base de la prosperidad.<\/p>\n\n\n\n<h2 class=\"wp-block-heading\">Desmitificando Conceptos: Justicia Social, Aborto y Ecologismo<\/h2>\n\n\n\n<p>Milei no dud\u00f3 en cuestionar la \u00ababerraci\u00f3n de la justicia social,\u00bb la \u00abagenda asesina del aborto,\u00bb y el posmarxismo, defendiendo la lucha contra la naturaleza en el ecologismo. Su enfoque claro y directo reson\u00f3 en el auditorio de la CPAC.<\/p>\n\n\n\n<h2 class=\"wp-block-heading\">Conclusi\u00f3n: Un Llamado a la Acci\u00f3n y la Esperanza<\/h2>\n\n\n\n<p>En conclusi\u00f3n, Milei dej\u00f3 un mensaje de optimismo, destacando la transformaci\u00f3n de Argentina y llamando a la acci\u00f3n contra las fuerzas que han llevado al pa\u00eds a la situaci\u00f3n actual. Su discurso, marcado por la valent\u00eda y la claridad, reson\u00f3 en un evento que re\u00fane a los conservadores m\u00e1s destacados de Estados Unidos.<\/p>\n","protected":false},"excerpt":{"rendered":"<p>Desmitificando Conceptos: Justicia Social, Aborto y Ecologismo<\/p>\n","protected":false},"author":1,"featured_media":2258,"comment_status":"closed","ping_status":"closed","sticky":false,"template":"","format":"standard","meta":{"footnotes":""},"categories":[1,25],"tags":[120,116,118,117,26,115,119],"class_list":["post-2257","post","type-post","status-publish","format-standard","has-post-thumbnail","hentry","category-politica","category-global","tag-aborto","tag-cpac","tag-eeuu","tag-estados-unidos","tag-javier-milei","tag-milei","tag-usa"],"_links":{"self":[{"href":"https:\/\/rafaeladigital.com\/noticias\/wp-json\/wp\/v2\/posts\/2257","targetHints":{"allow":["GET"]}}],"collection":[{"href":"https:\/\/rafaeladigital.com\/noticias\/wp-json\/wp\/v2\/posts"}],"about":[{"href":"https:\/\/rafaeladigital.com\/noticias\/wp-json\/wp\/v2\/types\/post"}],"author":[{"embeddable":true,"href":"https:\/\/rafaeladigital.com\/noticias\/wp-json\/wp\/v2\/users\/1"}],"replies":[{"embeddable":true,"href":"https:\/\/rafaeladigital.com\/noticias\/wp-json\/wp\/v2\/comments?post=2257"}],"version-history":[{"count":1,"href":"https:\/\/rafaeladigital.com\/noticias\/wp-json\/wp\/v2\/posts\/2257\/revisions"}],"predecessor-version":[{"id":2259,"href":"https:\/\/rafaeladigital.com\/noticias\/wp-json\/wp\/v2\/posts\/2257\/revisions\/2259"}],"wp:featuredmedia":[{"embeddable":true,"href":"https:\/\/rafaeladigital.com\/noticias\/wp-json\/wp\/v2\/media\/2258"}],"wp:attachment":[{"href":"https:\/\/rafaeladigital.com\/noticias\/wp-json\/wp\/v2\/media?parent=2257"}],"wp:term":[{"taxonomy":"category","embeddable":true,"href":"https:\/\/rafaeladigital.com\/noticias\/wp-json\/wp\/v2\/categories?post=2257"},{"taxonomy":"post_tag","embeddable":true,"href":"https:\/\/rafaeladigital.com\/noticias\/wp-json\/wp\/v2\/tags?post=2257"}],"curies":[{"name":"wp","href":"https:\/\/api.w.org\/{rel}","templated":true}]}}