{"id":231,"date":"2023-04-17T21:42:29","date_gmt":"2023-04-18T00:42:29","guid":{"rendered":"https:\/\/rafaeladigital.com\/noticias\/?p=231"},"modified":"2023-04-17T21:42:33","modified_gmt":"2023-04-18T00:42:33","slug":"explosiva-de-amalia-granata-y-javier-milei","status":"publish","type":"post","link":"https:\/\/rafaeladigital.com\/noticias\/explosiva-de-amalia-granata-y-javier-milei\/","title":{"rendered":"Explosiva de Amalia Granata y Javier Milei"},"content":{"rendered":"\n<p>Javier Milei est\u00e1 avanzando r\u00e1pidamente en Santa Fe con una alianza que ha sorprendido al ambiente pol\u00edtico de Argentina. La idea es que la presentadora y panelista de televisi\u00f3n Amalia Granata lidere la lista de candidatos a diputados provinciales en La Libertad Avanza. \u00abTodav\u00eda hay algunos problemas burocr\u00e1ticos, pero creemos que todo se resolver\u00e1 a finales de semana\u00bb, dijo una fuente del c\u00edrculo de Milei a La Naci\u00f3n.<\/p>\n\n\n\n<h2 class=\"wp-block-heading\">En Busca de un Candidato para Gobernador<\/h2>\n\n\n\n<p>Romina Diez, el principal referente de La Libertad Avanza en Santa Fe y amiga personal de Milei, ha estado liderando reuniones en las \u00faltimas horas para encontrar un candidato para gobernador. Eso tambi\u00e9n es una sorpresa, ya que no estaba claro hasta ahora si los libertarios iban a jugar plenamente en Santa Fe con un candidato para la gobernaci\u00f3n. \u00abLa decisi\u00f3n ya se tom\u00f3. Estamos finalizando la f\u00f3rmula en unos d\u00edas\u00bb, dijeron.<\/p>\n\n\n\n<h2 class=\"wp-block-heading\">Milei Lidera las Intenciones de Voto<\/h2>\n\n\n\n<p>La \u00faltima encuesta realizada por la consultora Innova en la provincia ubica a Milei en primer lugar en la lista de intenci\u00f3n de voto presidencial, con un 16 por ciento, por delante de Horacio Rodr\u00edguez Larreta, que tiene un 15 por ciento.<\/p>\n\n\n\n<h2 class=\"wp-block-heading\">Granata: Una L\u00edder sin Partido<\/h2>\n\n\n\n<p>Granata es una l\u00edder que no tiene partido en Santa Fe, pero su figura es codiciada porque en las \u00faltimas elecciones en las que compiti\u00f3, en 2019, obtuvo una gran cantidad de votos, 290.000, lo que caus\u00f3 una sorpresa en el electorado. Fue la tercera m\u00e1s votada y obtuvo seis bancas en la Legislatura de Santa Fe, aunque esa bancada se dividi\u00f3 unos meses despu\u00e9s.<\/p>\n\n\n\n<p>En 2019, Granata centr\u00f3 su campa\u00f1a en su rechazo al aborto y se ali\u00f3 con un sector evang\u00e9lico, liderado por Ghione, que ahora est\u00e1 alineado con Juntos por el Cambio. Granata tambi\u00e9n se distanci\u00f3 de esta organizaci\u00f3n religiosa.<\/p>\n\n\n\n<h2 class=\"wp-block-heading\">Una Fuerza Pol\u00edtica Importante<\/h2>\n\n\n\n<p>Todav\u00eda no est\u00e1 claro si Granata podr\u00e1 repetir esa actuaci\u00f3n electoral, pero si lo hace, le dar\u00eda a Milei un fuerte apoyo en la legislatura provincial, donde se renovar\u00e1n 50 diputados en 2023.<\/p>\n\n\n\n<p>La alianza entre Amalia Granata y Javier Milei est\u00e1 dando mucho que hablar en Argentina. Aunque todav\u00eda hay algunas dudas sobre c\u00f3mo se desarrollar\u00e1 esta nueva fuerza pol\u00edtica, parece que tienen un fuerte apoyo en Santa Fe y est\u00e1n listos para dar la pelea en las pr\u00f3ximas elecciones.<br>Foto: La Naci\u00f3n<\/p>\n\n\n\n<p><\/p>\n","protected":false},"excerpt":{"rendered":"<p>Javier Milei est\u00e1 avanzando r\u00e1pidamente en Santa Fe con una alianza que ha sorprendido al<\/p>\n","protected":false},"author":1,"featured_media":232,"comment_status":"closed","ping_status":"closed","sticky":false,"template":"","format":"standard","meta":{"footnotes":""},"categories":[1],"tags":[],"class_list":["post-231","post","type-post","status-publish","format-standard","has-post-thumbnail","hentry","category-politica"],"_links":{"self":[{"href":"https:\/\/rafaeladigital.com\/noticias\/wp-json\/wp\/v2\/posts\/231","targetHints":{"allow":["GET"]}}],"collection":[{"href":"https:\/\/rafaeladigital.com\/noticias\/wp-json\/wp\/v2\/posts"}],"about":[{"href":"https:\/\/rafaeladigital.com\/noticias\/wp-json\/wp\/v2\/types\/post"}],"author":[{"embeddable":true,"href":"https:\/\/rafaeladigital.com\/noticias\/wp-json\/wp\/v2\/users\/1"}],"replies":[{"embeddable":true,"href":"https:\/\/rafaeladigital.com\/noticias\/wp-json\/wp\/v2\/comments?post=231"}],"version-history":[{"count":1,"href":"https:\/\/rafaeladigital.com\/noticias\/wp-json\/wp\/v2\/posts\/231\/revisions"}],"predecessor-version":[{"id":233,"href":"https:\/\/rafaeladigital.com\/noticias\/wp-json\/wp\/v2\/posts\/231\/revisions\/233"}],"wp:featuredmedia":[{"embeddable":true,"href":"https:\/\/rafaeladigital.com\/noticias\/wp-json\/wp\/v2\/media\/232"}],"wp:attachment":[{"href":"https:\/\/rafaeladigital.com\/noticias\/wp-json\/wp\/v2\/media?parent=231"}],"wp:term":[{"taxonomy":"category","embeddable":true,"href":"https:\/\/rafaeladigital.com\/noticias\/wp-json\/wp\/v2\/categories?post=231"},{"taxonomy":"post_tag","embeddable":true,"href":"https:\/\/rafaeladigital.com\/noticias\/wp-json\/wp\/v2\/tags?post=231"}],"curies":[{"name":"wp","href":"https:\/\/api.w.org\/{rel}","templated":true}]}}