{"id":2328,"date":"2024-03-09T12:08:51","date_gmt":"2024-03-09T15:08:51","guid":{"rendered":"https:\/\/rafaeladigital.com\/noticias\/?p=2328"},"modified":"2024-03-09T12:08:57","modified_gmt":"2024-03-09T15:08:57","slug":"impactante-tormenta-en-san-nicolas-destrozos-en-expoagro-y-caos-en-rosario","status":"publish","type":"post","link":"https:\/\/rafaeladigital.com\/noticias\/impactante-tormenta-en-san-nicolas-destrozos-en-expoagro-y-caos-en-rosario\/","title":{"rendered":"Impactante Tormenta en San Nicol\u00e1s: Destrozos en Expoagro y Caos en Rosario"},"content":{"rendered":"\n<p>El viernes por la noche, lo que comenz\u00f3 como una alerta de tormentas en gran parte de la provincia de Buenos Aires se transform\u00f3 en un devastador temporal que dej\u00f3 estragos principalmente en San Nicol\u00e1s. La intensidad de las lluvias y vientos, alcanzando los 100 kil\u00f3metros por hora, provoc\u00f3 da\u00f1os notables en el predio de Expoagro, donde los stands se vieron afectados.<\/p>\n\n\n\n<h2 class=\"wp-block-heading\">Caos en Expoagro: Estragos y Desaf\u00edos<\/h2>\n\n\n\n<p>El epicentro de la tormenta se centr\u00f3 en San Nicol\u00e1s, impactando directamente en Expoagro. Las im\u00e1genes post-tormenta revelan un escenario desolador en la feria rural, con estructuras met\u00e1licas y carteles derribados. Incluso la maquinaria agr\u00edcola, exhibida con esmero, qued\u00f3 afectada con piezas rotas.<\/p>\n\n\n\n<h3 class=\"wp-block-heading\">Respuesta de Expoagro ante la Adversidad<\/h3>\n\n\n\n<p>La organizaci\u00f3n de Expoagro emiti\u00f3 un comunicado informando sobre los da\u00f1os y anunciando la suspensi\u00f3n temporal de las actividades. Aunque los perjuicios son mayormente materiales, aseguran estar trabajando incansablemente para solucionar la situaci\u00f3n. La entrada al predio no estar\u00e1 habilitada mientras se lleva a cabo el desarme y la evaluaci\u00f3n de los da\u00f1os.<\/p>\n\n\n\n<h2 class=\"wp-block-heading\">Impacto en el Tejido Urbano y Urgencia Oficial<\/h2>\n\n\n\n<p>En el tejido urbano de San Nicol\u00e1s, la tormenta dej\u00f3 a su paso \u00e1rboles y cables ca\u00eddos, as\u00ed como da\u00f1os en construcciones. El servicio el\u00e9ctrico, interrumpido durante la tormenta, a\u00fan no se ha restablecido por completo. El intendente, Santiago Passaglia, insta a los residentes a permanecer en sus hogares, saliendo solo en casos estrictamente necesarios.<\/p>\n\n\n\n<h3 class=\"wp-block-heading\">Accidentes en la Autopista 9 y Urgencia en Rosario<\/h3>\n\n\n\n<p>En la autopista 9, que conecta Buenos Aires con Rosario, dos camiones volcaron debido a los vientos peligrosos. Este incidente se suma a la serie de desaf\u00edos provocados por la tormenta. Mientras tanto, en Rosario, se reportaron piedras de gran tama\u00f1o y vientos de hasta 63 kil\u00f3metros por hora, afectando distintos barrios durante la noche.<\/p>\n\n\n\n<h2 class=\"wp-block-heading\">Llamado a la Solidaridad: Apoyo para la Recuperaci\u00f3n<\/h2>\n\n\n\n<p>En medio de esta situaci\u00f3n desafiante, es crucial la solidaridad y apoyo de la comunidad. La recuperaci\u00f3n llevar\u00e1 tiempo, pero con el esfuerzo conjunto, San Nicol\u00e1s y las \u00e1reas afectadas podr\u00e1n superar los estragos de esta impactante tormenta.<\/p>\n","protected":false},"excerpt":{"rendered":"<p>Accidentes en la Autopista 9 y Urgencia en Rosario<\/p>\n","protected":false},"author":1,"featured_media":2329,"comment_status":"closed","ping_status":"closed","sticky":false,"template":"","format":"standard","meta":{"footnotes":""},"categories":[1],"tags":[172,30,170,171],"class_list":["post-2328","post","type-post","status-publish","format-standard","has-post-thumbnail","hentry","category-politica","tag-agro","tag-argentina","tag-expoagro","tag-rosario"],"_links":{"self":[{"href":"https:\/\/rafaeladigital.com\/noticias\/wp-json\/wp\/v2\/posts\/2328","targetHints":{"allow":["GET"]}}],"collection":[{"href":"https:\/\/rafaeladigital.com\/noticias\/wp-json\/wp\/v2\/posts"}],"about":[{"href":"https:\/\/rafaeladigital.com\/noticias\/wp-json\/wp\/v2\/types\/post"}],"author":[{"embeddable":true,"href":"https:\/\/rafaeladigital.com\/noticias\/wp-json\/wp\/v2\/users\/1"}],"replies":[{"embeddable":true,"href":"https:\/\/rafaeladigital.com\/noticias\/wp-json\/wp\/v2\/comments?post=2328"}],"version-history":[{"count":1,"href":"https:\/\/rafaeladigital.com\/noticias\/wp-json\/wp\/v2\/posts\/2328\/revisions"}],"predecessor-version":[{"id":2330,"href":"https:\/\/rafaeladigital.com\/noticias\/wp-json\/wp\/v2\/posts\/2328\/revisions\/2330"}],"wp:featuredmedia":[{"embeddable":true,"href":"https:\/\/rafaeladigital.com\/noticias\/wp-json\/wp\/v2\/media\/2329"}],"wp:attachment":[{"href":"https:\/\/rafaeladigital.com\/noticias\/wp-json\/wp\/v2\/media?parent=2328"}],"wp:term":[{"taxonomy":"category","embeddable":true,"href":"https:\/\/rafaeladigital.com\/noticias\/wp-json\/wp\/v2\/categories?post=2328"},{"taxonomy":"post_tag","embeddable":true,"href":"https:\/\/rafaeladigital.com\/noticias\/wp-json\/wp\/v2\/tags?post=2328"}],"curies":[{"name":"wp","href":"https:\/\/api.w.org\/{rel}","templated":true}]}}