{"id":2368,"date":"2024-04-08T21:03:13","date_gmt":"2024-04-09T00:03:13","guid":{"rendered":"https:\/\/rafaeladigital.com\/noticias\/?p=2368"},"modified":"2024-04-08T21:03:16","modified_gmt":"2024-04-09T00:03:16","slug":"el-nuevo-rumbo-de-atletico-rafaela-con-ricardo-pancaldo-al-mando","status":"publish","type":"post","link":"https:\/\/rafaeladigital.com\/noticias\/el-nuevo-rumbo-de-atletico-rafaela-con-ricardo-pancaldo-al-mando\/","title":{"rendered":"El Nuevo Rumbo de Atl\u00e9tico Rafaela con Ricardo Pancaldo al Mando"},"content":{"rendered":"\n<p>El mundo del f\u00fatbol est\u00e1 lleno de giros y cambios constantes, y uno de los m\u00e1s recientes ha sido el inicio del ciclo de Ricardo Pancaldo como entrenador del equipo profesional de Atl\u00e9tico Rafaela. En medio de una situaci\u00f3n complicada tanto en lo an\u00edmico como en lo futbol\u00edstico, la llegada de Pancaldo representa una nueva esperanza para un equipo en busca de recuperar su mejor forma.<\/p>\n\n\n\n<p><strong>El Nuevo Entrenador: Ricardo Pancaldo<\/strong><\/p>\n\n\n\n<p>Ricardo Pancaldo, con una s\u00f3lida experiencia previa como entrenador, asume un desaf\u00edo importante al tomar las riendas de Atl\u00e9tico Rafaela. Conocido por su trabajo previo en clubes como Chaco For Ever, Pancaldo aporta su visi\u00f3n y estrategia para enfrentar los obst\u00e1culos que se presenten en el camino.<\/p>\n\n\n\n<p><strong>El Primer D\u00eda de Entrenamiento<\/strong><\/p>\n\n\n\n<p>La primera pr\u00e1ctica dirigida por Pancaldo marca el inicio de una nueva etapa para el equipo. En el predio H\u00e9ctor \u00abTito\u00bb Bartomioli, ubicado en el aut\u00f3dromo de Rafaela, los jugadores se re\u00fanen con el nuevo cuerpo t\u00e9cnico para comenzar a trabajar en los cambios y ajustes necesarios.<\/p>\n\n\n\n<p><strong>El Equipo T\u00e9cnico<\/strong><\/p>\n\n\n\n<p>Pancaldo cuenta con un equipo de colaboradores experimentados, entre los que se destaca Germ\u00e1n \u00abPipo\u00bb C\u00e1ceres como ayudante de campo, Gerardo Sellares y Lucas Cotonini como preparadores f\u00edsicos, y Gabriel Dottori como entrenador de arqueros. Juntos, forman un grupo s\u00f3lido comprometido con el \u00e9xito del equipo.<\/p>\n\n\n\n<p><strong>El Estado An\u00edmico del Plantel<\/strong><\/p>\n\n\n\n<p>La llegada de Pancaldo se produce en un momento delicado para el equipo, que atraviesa una racha de resultados adversos y una situaci\u00f3n an\u00edmica complicada. Con la moral afectada por las derrotas recientes, el nuevo cuerpo t\u00e9cnico enfrenta el desaf\u00edo de levantar el \u00e1nimo de los jugadores y restaurar la confianza en sus habilidades.<\/p>\n\n\n\n<p><strong>La Situaci\u00f3n Deportiva Actual<\/strong><\/p>\n\n\n\n<p>En t\u00e9rminos deportivos, Atl\u00e9tico Rafaela se encuentra en una posici\u00f3n dif\u00edcil en la tabla, con una serie de resultados negativos que lo colocan cerca de los puestos de promoci\u00f3n para el descenso. Con solo 10 puntos acumulados y la necesidad urgente de sumar, el equipo se enfrenta a un momento crucial en la temporada.<\/p>\n\n\n\n<p><strong>Desaf\u00edos y Objetivos<\/strong><\/p>\n\n\n\n<p>Los desaf\u00edos para Pancaldo y su equipo son claros: revitalizar al equipo tanto en lo mental como en lo futbol\u00edstico. Con un enfoque en el trabajo duro y la determinaci\u00f3n, buscan establecer metas realistas y alcanzables que impulsen al equipo hacia el \u00e9xito.<\/p>\n\n\n\n<p><strong>Recuperaci\u00f3n Mental y Futbol\u00edstica<\/strong><\/p>\n\n\n\n<p>Para lograr una recuperaci\u00f3n completa, Pancaldo apunta a un enfoque integral que abarque tanto aspectos psicol\u00f3gicos como t\u00e1cticos. A trav\u00e9s de sesiones de entrenamiento intensivas y un trabajo cercano con los jugadores, busca fortalecer la mentalidad del equipo y mejorar su rendimiento en el campo.<\/p>\n\n\n\n<p><strong>Expectativas para el Pr\u00f3ximo Encuentro<\/strong><\/p>\n\n\n\n<p>Con el pr\u00f3ximo partido contra Chaco For Ever en el horizonte, las expectativas son altas pero realistas. Pancaldo y su equipo est\u00e1n preparados para enfrentar el desaf\u00edo con determinaci\u00f3n y estrategia, buscando obtener un resultado positivo que marque el comienzo de una nueva era para Atl\u00e9tico Rafaela.<\/p>\n\n\n\n<p><strong>Conclusi\u00f3n<\/strong><\/p>\n\n\n\n<p>El inicio del ciclo de Ricardo Pancaldo representa una oportunidad para un nuevo comienzo en Atl\u00e9tico Rafaela. Con su experiencia y liderazgo, Pancaldo busca guiar al equipo hacia un futuro prometedor, superando los obst\u00e1culos y alcanzando nuevos niveles de \u00e9xito en el campo de juego.<\/p>\n","protected":false},"excerpt":{"rendered":"<p>Primer D\u00eda de Entrenamiento<\/p>\n","protected":false},"author":1,"featured_media":2369,"comment_status":"closed","ping_status":"closed","sticky":false,"template":"","format":"standard","meta":{"footnotes":""},"categories":[19,13],"tags":[46,47,48,45],"class_list":["post-2368","post","type-post","status-publish","format-standard","has-post-thumbnail","hentry","category-sociedad","category-deporte","tag-atletico-rafaela","tag-futbol","tag-primera-nacional","tag-rafaela"],"_links":{"self":[{"href":"https:\/\/rafaeladigital.com\/noticias\/wp-json\/wp\/v2\/posts\/2368","targetHints":{"allow":["GET"]}}],"collection":[{"href":"https:\/\/rafaeladigital.com\/noticias\/wp-json\/wp\/v2\/posts"}],"about":[{"href":"https:\/\/rafaeladigital.com\/noticias\/wp-json\/wp\/v2\/types\/post"}],"author":[{"embeddable":true,"href":"https:\/\/rafaeladigital.com\/noticias\/wp-json\/wp\/v2\/users\/1"}],"replies":[{"embeddable":true,"href":"https:\/\/rafaeladigital.com\/noticias\/wp-json\/wp\/v2\/comments?post=2368"}],"version-history":[{"count":1,"href":"https:\/\/rafaeladigital.com\/noticias\/wp-json\/wp\/v2\/posts\/2368\/revisions"}],"predecessor-version":[{"id":2370,"href":"https:\/\/rafaeladigital.com\/noticias\/wp-json\/wp\/v2\/posts\/2368\/revisions\/2370"}],"wp:featuredmedia":[{"embeddable":true,"href":"https:\/\/rafaeladigital.com\/noticias\/wp-json\/wp\/v2\/media\/2369"}],"wp:attachment":[{"href":"https:\/\/rafaeladigital.com\/noticias\/wp-json\/wp\/v2\/media?parent=2368"}],"wp:term":[{"taxonomy":"category","embeddable":true,"href":"https:\/\/rafaeladigital.com\/noticias\/wp-json\/wp\/v2\/categories?post=2368"},{"taxonomy":"post_tag","embeddable":true,"href":"https:\/\/rafaeladigital.com\/noticias\/wp-json\/wp\/v2\/tags?post=2368"}],"curies":[{"name":"wp","href":"https:\/\/api.w.org\/{rel}","templated":true}]}}