{"id":2384,"date":"2024-04-09T18:10:42","date_gmt":"2024-04-09T21:10:42","guid":{"rendered":"https:\/\/rafaeladigital.com\/noticias\/?p=2384"},"modified":"2024-04-09T18:57:59","modified_gmt":"2024-04-09T21:57:59","slug":"prohibicion-del-uso-de-traccion-a-sangre-animal-en-la-provincia-de-santa-fe","status":"publish","type":"post","link":"https:\/\/rafaeladigital.com\/noticias\/prohibicion-del-uso-de-traccion-a-sangre-animal-en-la-provincia-de-santa-fe\/","title":{"rendered":"Prohibici\u00f3n del Uso de Tracci\u00f3n a Sangre Animal en la Provincia de Santa Fe"},"content":{"rendered":"\n<p><\/p>\n\n\n\n<p>En la provincia de Santa Fe, el diputado Juan Arga\u00f1araz del Bloque \u201cInspirar\u201d ha presentado un proyecto de ley que busca prohibir la tracci\u00f3n a sangre animal en todo el territorio. Esta iniciativa, que surge en consideraci\u00f3n a la utilizaci\u00f3n de caballos para la recolecci\u00f3n informal de residuos, pretende abordar una problem\u00e1tica que afecta tanto a los trabajadores como a los propios animales.<\/p>\n\n\n\n<h2 class=\"wp-block-heading\">El Proyecto de Ley<\/h2>\n\n\n\n<p>El Proyecto de Ley presentado por el diputado Arga\u00f1araz consta de 9 art\u00edculos, incluyendo disposiciones sobre la prohibici\u00f3n de la tracci\u00f3n a sangre animal, especialmente en \u00e1reas urbanas con poblaciones significativas. Se prev\u00e9 el secuestro de los animales utilizados para esta actividad y su remisi\u00f3n a centros de albergue y rescate.<\/p>\n\n\n\n<h3 class=\"wp-block-heading\">Antecedentes<\/h3>\n\n\n\n<p>Este proyecto se suma a iniciativas anteriores, como el presentado por la diputada Alicia Guti\u00e9rrez en 2018, que no logr\u00f3 ser tratado en su momento. Guti\u00e9rrez propuso tambi\u00e9n la reconversi\u00f3n del sistema de recolecci\u00f3n de residuos, otorgando asistencia a los trabajadores afectados.<\/p>\n\n\n\n<h2 class=\"wp-block-heading\">Objetivos de la Prohibici\u00f3n<\/h2>\n\n\n\n<p>La finalidad principal de esta iniciativa es mejorar la calidad de vida de los trabajadores y de los animales involucrados en la tracci\u00f3n a sangre. Se busca erradicar el trabajo infantil, mejorar las condiciones laborales de los recolectores informales de residuos y proporcionarles capacitaci\u00f3n y apoyo para una reconversi\u00f3n exitosa.<\/p>\n\n\n\n<h3 class=\"wp-block-heading\">Consideraciones \u00c9ticas<\/h3>\n\n\n\n<p>El proyecto reconoce a los animales como seres vivos con capacidad de sentir y merecedores de cuidados y respeto, respaldado por la legislaci\u00f3n nacional sobre maltrato animal. Se destaca la necesidad de protegerlos de situaciones de sufrimiento y maltrato, como las derivadas de la tracci\u00f3n a sangre.<\/p>\n\n\n\n<h2 class=\"wp-block-heading\">Impacto en la Sociedad<\/h2>\n\n\n\n<p>La prohibici\u00f3n de la tracci\u00f3n a sangre animal no solo beneficia a los trabajadores y a los animales, sino tambi\u00e9n a la sociedad en su conjunto. Se reduce la inseguridad vial asociada a esta pr\u00e1ctica y se contribuye a mejorar la salud p\u00fablica al disminuir la contaminaci\u00f3n y la suciedad en las calles.<\/p>\n\n\n\n<h3 class=\"wp-block-heading\">Avances Legislativos<\/h3>\n\n\n\n<p>El proyecto de ley propuesto por Arga\u00f1araz representa un paso adelante en la protecci\u00f3n animal y en la organizaci\u00f3n social. Se espera que su tratamiento en las comisiones asignadas permita avanzar hacia una legislaci\u00f3n que promueva el bienestar tanto de los trabajadores como de los animales.<\/p>\n\n\n\n<h2 class=\"wp-block-heading\">Conclusi\u00f3n<\/h2>\n\n\n\n<p>La prohibici\u00f3n del uso de tracci\u00f3n a sangre animal en la provincia de Santa Fe es una medida necesaria para proteger a los trabajadores y a los animales, as\u00ed como para mejorar la calidad de vida en las comunidades. Es fundamental avanzar en estrategias que promuevan un desarrollo sostenible y respetuoso con el medio ambiente y los derechos de todos los seres vivos.<\/p>\n\n\n\n<p>Fuente: <a href=\"https:\/\/elprotagonistaweb.com.ar\/\" target=\"_blank\" rel=\"noopener\">elprotagonistaweb.com.ar<\/a> \/ <a href=\"https:\/\/juanarganaraz.com.ar\/proyectos\/prohibicion-de-la-traccion-a-sangre-en-las-ciudades\/\" target=\"_blank\" rel=\"noopener\">juanarganaraz.com.ar<\/a><\/p>\n","protected":false},"excerpt":{"rendered":"<p>Impacto en la Sociedad<\/p>\n","protected":false},"author":1,"featured_media":2385,"comment_status":"closed","ping_status":"closed","sticky":false,"template":"","format":"standard","meta":{"footnotes":""},"categories":[19,1],"tags":[195,201,196,199,200,197],"class_list":["post-2384","post","type-post","status-publish","format-standard","has-post-thumbnail","hentry","category-sociedad","category-politica","tag-aninal","tag-derechos","tag-inspirar","tag-jdarganaraz","tag-proteccion","tag-proyecto"],"_links":{"self":[{"href":"https:\/\/rafaeladigital.com\/noticias\/wp-json\/wp\/v2\/posts\/2384","targetHints":{"allow":["GET"]}}],"collection":[{"href":"https:\/\/rafaeladigital.com\/noticias\/wp-json\/wp\/v2\/posts"}],"about":[{"href":"https:\/\/rafaeladigital.com\/noticias\/wp-json\/wp\/v2\/types\/post"}],"author":[{"embeddable":true,"href":"https:\/\/rafaeladigital.com\/noticias\/wp-json\/wp\/v2\/users\/1"}],"replies":[{"embeddable":true,"href":"https:\/\/rafaeladigital.com\/noticias\/wp-json\/wp\/v2\/comments?post=2384"}],"version-history":[{"count":2,"href":"https:\/\/rafaeladigital.com\/noticias\/wp-json\/wp\/v2\/posts\/2384\/revisions"}],"predecessor-version":[{"id":2388,"href":"https:\/\/rafaeladigital.com\/noticias\/wp-json\/wp\/v2\/posts\/2384\/revisions\/2388"}],"wp:featuredmedia":[{"embeddable":true,"href":"https:\/\/rafaeladigital.com\/noticias\/wp-json\/wp\/v2\/media\/2385"}],"wp:attachment":[{"href":"https:\/\/rafaeladigital.com\/noticias\/wp-json\/wp\/v2\/media?parent=2384"}],"wp:term":[{"taxonomy":"category","embeddable":true,"href":"https:\/\/rafaeladigital.com\/noticias\/wp-json\/wp\/v2\/categories?post=2384"},{"taxonomy":"post_tag","embeddable":true,"href":"https:\/\/rafaeladigital.com\/noticias\/wp-json\/wp\/v2\/tags?post=2384"}],"curies":[{"name":"wp","href":"https:\/\/api.w.org\/{rel}","templated":true}]}}