{"id":2399,"date":"2024-04-12T17:09:32","date_gmt":"2024-04-12T20:09:32","guid":{"rendered":"https:\/\/rafaeladigital.com\/noticias\/?p=2399"},"modified":"2024-04-12T17:12:54","modified_gmt":"2024-04-12T20:12:54","slug":"juan-arganaraz-la-reparacion-del-historico-puente-carretero-santa-fe-santo-tome-es-una-prioridad","status":"publish","type":"post","link":"https:\/\/rafaeladigital.com\/noticias\/juan-arganaraz-la-reparacion-del-historico-puente-carretero-santa-fe-santo-tome-es-una-prioridad\/","title":{"rendered":"Juan Arga\u00f1araz: La reparaci\u00f3n del hist\u00f3rico Puente Carretero Santa Fe &#8211; Santo Tom\u00e9, es una prioridad"},"content":{"rendered":"\n<p>Desde nuestro espacio (Bloque Inspirar), estamos comprometidos a trabajar incansablemente para asegurar que se tomen medidas concretas y se realicen las reparaciones necesarias lo antes posible.<\/p>\n\n\n\n<p>Necesitamos di\u00e1logo y comprensi\u00f3n de las autoridades para resolver urgentemente esta situaci\u00f3n.<\/p>\n\n\n\n<p>La situaci\u00f3n del hist\u00f3rico Puente Carretero que une las ciudades de Santa F\u00e9 y Santo Tom\u00e9 es cr\u00edtica y urgente. Su cierre ha generado complicaciones para miles de ciudadanos y ha impactado negativamente en el transporte p\u00fablico. A pesar de los esfuerzos por establecer un puente provisional tipo Bailey, es evidente que necesitamos una soluci\u00f3n permanente y a largo plazo.<\/p>\n\n\n\n<p><strong>El Problema Estructural<\/strong><\/p>\n\n\n\n<p>El Puente Carretero, inaugurado en 1939, es vital para la conexi\u00f3n entre estas dos importantes ciudades. Sin embargo, su estructura de 1320 metros sobre el r\u00edo Salado muestra un deterioro significativo. Dise\u00f1ado originalmente para 2000 veh\u00edculos diarios, ahora soporta la carga de alrededor de 40,000, evidenciando su desgaste tras casi ocho d\u00e9cadas de uso intensivo.<\/p>\n\n\n\n<p><strong>La Necesidad de una Soluci\u00f3n Definitiva<\/strong><\/p>\n\n\n\n<p>Si bien los esfuerzos temporales son necesarios, urge una soluci\u00f3n permanente. Expertos advierten que sin una intervenci\u00f3n integral, el colapso del puente es inevitable. Se requiere la construcci\u00f3n de un nuevo puente, un proceso que podr\u00eda llevar hasta 15 a\u00f1os. Es imperativo que las autoridades tomen medidas concretas y asignen recursos para evitar una tragedia.<\/p>\n\n\n\n<p><strong>Antecedentes y Compromisos Incumplidos<\/strong><\/p>\n\n\n\n<p>La problem\u00e1tica del Puente Carretero no es nueva. A pesar de anuncios y promesas desde 2007, la construcci\u00f3n de un nuevo puente ha sido postergada una y otra vez. La falta de decisi\u00f3n y financiamiento ha dejado al puente vulnerable y al borde del colapso, afectando la vida diaria de miles de personas que dependen de esta v\u00eda de comunicaci\u00f3n.<\/p>\n\n\n\n<p><strong>Un Llamado a la Acci\u00f3n<\/strong><\/p>\n\n\n\n<p>Es hora de actuar. La seguridad y el bienestar de los ciudadanos est\u00e1n en juego. Instamos a las autoridades a priorizar esta situaci\u00f3n, garantizando una soluci\u00f3n definitiva y segura para el Puente Carretero. El tiempo apremia, y cada d\u00eda de inacci\u00f3n aumenta el riesgo. Es momento de dejar de lado las promesas vac\u00edas y tomar medidas concretas para proteger a nuestra comunidad.<\/p>\n\n\n\n<p>Foto: <a href=\"https:\/\/www.fmpowermax.com.ar\/\" data-type=\"link\" data-id=\"https:\/\/www.fmpowermax.com.ar\/\" target=\"_blank\" rel=\"noopener\">Fm Power Max<\/a><\/p>\n","protected":false},"excerpt":{"rendered":"<p>Antecedentes y Compromisos Incumplidos<\/p>\n","protected":false},"author":1,"featured_media":2401,"comment_status":"closed","ping_status":"closed","sticky":false,"template":"","format":"standard","meta":{"footnotes":""},"categories":[1,19],"tags":[199,210,209,34,208],"class_list":["post-2399","post","type-post","status-publish","format-standard","has-post-thumbnail","hentry","category-politica","category-sociedad","tag-jdarganaraz","tag-prioridad","tag-puente-carretero","tag-santa-fe","tag-santo-tome"],"_links":{"self":[{"href":"https:\/\/rafaeladigital.com\/noticias\/wp-json\/wp\/v2\/posts\/2399","targetHints":{"allow":["GET"]}}],"collection":[{"href":"https:\/\/rafaeladigital.com\/noticias\/wp-json\/wp\/v2\/posts"}],"about":[{"href":"https:\/\/rafaeladigital.com\/noticias\/wp-json\/wp\/v2\/types\/post"}],"author":[{"embeddable":true,"href":"https:\/\/rafaeladigital.com\/noticias\/wp-json\/wp\/v2\/users\/1"}],"replies":[{"embeddable":true,"href":"https:\/\/rafaeladigital.com\/noticias\/wp-json\/wp\/v2\/comments?post=2399"}],"version-history":[{"count":2,"href":"https:\/\/rafaeladigital.com\/noticias\/wp-json\/wp\/v2\/posts\/2399\/revisions"}],"predecessor-version":[{"id":2404,"href":"https:\/\/rafaeladigital.com\/noticias\/wp-json\/wp\/v2\/posts\/2399\/revisions\/2404"}],"wp:featuredmedia":[{"embeddable":true,"href":"https:\/\/rafaeladigital.com\/noticias\/wp-json\/wp\/v2\/media\/2401"}],"wp:attachment":[{"href":"https:\/\/rafaeladigital.com\/noticias\/wp-json\/wp\/v2\/media?parent=2399"}],"wp:term":[{"taxonomy":"category","embeddable":true,"href":"https:\/\/rafaeladigital.com\/noticias\/wp-json\/wp\/v2\/categories?post=2399"},{"taxonomy":"post_tag","embeddable":true,"href":"https:\/\/rafaeladigital.com\/noticias\/wp-json\/wp\/v2\/tags?post=2399"}],"curies":[{"name":"wp","href":"https:\/\/api.w.org\/{rel}","templated":true}]}}