{"id":2406,"date":"2024-04-13T09:44:16","date_gmt":"2024-04-13T12:44:16","guid":{"rendered":"https:\/\/rafaeladigital.com\/noticias\/?p=2406"},"modified":"2024-04-13T09:44:21","modified_gmt":"2024-04-13T12:44:21","slug":"javier-milei-confirma-su-separacion-de-fatima-florez-razones-y-consecuencias","status":"publish","type":"post","link":"https:\/\/rafaeladigital.com\/noticias\/javier-milei-confirma-su-separacion-de-fatima-florez-razones-y-consecuencias\/","title":{"rendered":"Javier Milei confirma su separaci\u00f3n de F\u00e1tima Florez: Razones y Consecuencias"},"content":{"rendered":"\n<p>Desde su cuenta oficial en X, el presidente Javier Milei hizo p\u00fablica la noticia de su separaci\u00f3n de F\u00e1tima Florez, quien lo acompa\u00f1\u00f3 durante su campa\u00f1a pol\u00edtica y los primeros meses de su mandato. La raz\u00f3n principal detr\u00e1s de esta decisi\u00f3n, seg\u00fan Milei, son motivos profesionales que afectan tanto a \u00e9l como a Florez.<\/p>\n\n\n\n<p><strong>El Impacto de los \u00c9xitos Profesionales de F\u00e1tima Florez<\/strong><\/p>\n\n\n\n<p>El presidente Milei expres\u00f3 su orgullo por los logros profesionales de F\u00e1tima Florez, los cuales han sido tan significativos que ha recibido m\u00faltiples ofertas laborales en Estados Unidos y Europa. Esta avalancha de oportunidades laborales ha sido un factor determinante en la decisi\u00f3n de separarse, ya que ha llevado a vivir a la pareja en diferentes lugares, haciendo imposible mantener una relaci\u00f3n de pareja convencional.<\/p>\n\n\n\n<p><strong>Exigencias del Cargo Presidencial y Distancia Geogr\u00e1fica<\/strong><\/p>\n\n\n\n<p>Adem\u00e1s de los compromisos laborales de F\u00e1tima Florez, las exigencias propias del cargo presidencial de Milei han contribuido a la separaci\u00f3n. La naturaleza del trabajo de Milei requiere su presencia en Argentina, mientras que las oportunidades laborales de Florez la llevan a otros pa\u00edses. Esta distancia geogr\u00e1fica ha dificultado a\u00fan m\u00e1s la relaci\u00f3n, impidiendo que puedan pasar el tiempo juntos como les gustar\u00eda.<\/p>\n\n\n\n<p><strong>Decisi\u00f3n de Terminar la Relaci\u00f3n y Mantener una Amistad<\/strong><\/p>\n\n\n\n<p>A pesar del cari\u00f1o mutuo y el respeto que se tienen, Milei y Florez han tomado la dif\u00edcil decisi\u00f3n de terminar su relaci\u00f3n como pareja. Sin embargo, ambos han expresado su deseo de mantener un v\u00ednculo de amistad, basado en el aprecio y admiraci\u00f3n que sienten el uno por el otro. Esta decisi\u00f3n, aunque dolorosa, busca preservar la conexi\u00f3n y el afecto que han compartido a lo largo de su relaci\u00f3n.<\/p>\n\n\n\n<p><strong>\u00daltimas Apariciones P\u00fablicas y Reconocimientos<\/strong><\/p>\n\n\n\n<p>La separaci\u00f3n de Milei y Florez ha sido confirmada tras su \u00faltima aparici\u00f3n p\u00fablica juntos en Miami, donde recibieron la distinci\u00f3n \u00abEmbajadores de la Luz\u00bb. Este reconocimiento, otorgado por Jabad Lubavitch, destaca su compromiso con la libertad e Israel. Esta ceremonia marc\u00f3 uno de los \u00faltimos eventos en los que la pareja fue vista junta antes de anunciar su separaci\u00f3n.<\/p>\n\n\n\n<p>Previamente, Milei y Florez fueron vistos en una salida al teatro, donde disfrutaron del espect\u00e1culo de Fernando Samartin, reconocido imitador de Sandro. Su presencia en eventos p\u00fablicos y su participaci\u00f3n en programas de televisi\u00f3n durante la campa\u00f1a presidencial evidencian la naturaleza p\u00fablica de su relaci\u00f3n y el apoyo mutuo que se brindaron durante ese tiempo.<\/p>\n\n\n\n<p><strong>Reflexiones sobre la Relaci\u00f3n y Agradecimientos<\/strong><\/p>\n\n\n\n<p>En entrevistas anteriores, Milei y Florez compartieron detalles sobre el inicio de su relaci\u00f3n y el aprecio que se tienen mutuamente. A pesar de las circunstancias que han llevado a su separaci\u00f3n, ambos han destacado las cualidades del otro y el impacto positivo que han tenido en sus vidas. Aunque la relaci\u00f3n rom\u00e1ntica llegue a su fin, el afecto y la admiraci\u00f3n que se profesan contin\u00faan siendo parte de su v\u00ednculo.<\/p>\n\n\n\n<p><strong>Conclusiones<\/strong><\/p>\n\n\n\n<p>La separaci\u00f3n de Javier Milei y F\u00e1tima Florez es el resultado de una combinaci\u00f3n de factores profesionales y personales que han afectado su relaci\u00f3n. A pesar de la tristeza que pueda generar esta noticia, ambos han expresado su deseo de mantener una amistad basada en el respeto y la admiraci\u00f3n mutuos. Su historia como pareja ha dejado una huella en el \u00e1mbito p\u00fablico, y su separaci\u00f3n marca el comienzo de una nueva etapa en sus vidas.<\/p>\n","protected":false},"excerpt":{"rendered":"<p>Decisi\u00f3n de Terminar la Relaci\u00f3n y Mantener una Amistad<\/p>\n","protected":false},"author":1,"featured_media":2407,"comment_status":"closed","ping_status":"closed","sticky":false,"template":"","format":"standard","meta":{"footnotes":""},"categories":[1,12],"tags":[212,211,115,28],"class_list":["post-2406","post","type-post","status-publish","format-standard","has-post-thumbnail","hentry","category-politica","category-entretenimiento","tag-farandula","tag-fatima-florez","tag-milei","tag-politica"],"_links":{"self":[{"href":"https:\/\/rafaeladigital.com\/noticias\/wp-json\/wp\/v2\/posts\/2406","targetHints":{"allow":["GET"]}}],"collection":[{"href":"https:\/\/rafaeladigital.com\/noticias\/wp-json\/wp\/v2\/posts"}],"about":[{"href":"https:\/\/rafaeladigital.com\/noticias\/wp-json\/wp\/v2\/types\/post"}],"author":[{"embeddable":true,"href":"https:\/\/rafaeladigital.com\/noticias\/wp-json\/wp\/v2\/users\/1"}],"replies":[{"embeddable":true,"href":"https:\/\/rafaeladigital.com\/noticias\/wp-json\/wp\/v2\/comments?post=2406"}],"version-history":[{"count":1,"href":"https:\/\/rafaeladigital.com\/noticias\/wp-json\/wp\/v2\/posts\/2406\/revisions"}],"predecessor-version":[{"id":2408,"href":"https:\/\/rafaeladigital.com\/noticias\/wp-json\/wp\/v2\/posts\/2406\/revisions\/2408"}],"wp:featuredmedia":[{"embeddable":true,"href":"https:\/\/rafaeladigital.com\/noticias\/wp-json\/wp\/v2\/media\/2407"}],"wp:attachment":[{"href":"https:\/\/rafaeladigital.com\/noticias\/wp-json\/wp\/v2\/media?parent=2406"}],"wp:term":[{"taxonomy":"category","embeddable":true,"href":"https:\/\/rafaeladigital.com\/noticias\/wp-json\/wp\/v2\/categories?post=2406"},{"taxonomy":"post_tag","embeddable":true,"href":"https:\/\/rafaeladigital.com\/noticias\/wp-json\/wp\/v2\/tags?post=2406"}],"curies":[{"name":"wp","href":"https:\/\/api.w.org\/{rel}","templated":true}]}}