{"id":247,"date":"2023-04-17T23:44:39","date_gmt":"2023-04-18T02:44:39","guid":{"rendered":"https:\/\/rafaeladigital.com\/noticias\/?p=247"},"modified":"2023-04-17T23:51:11","modified_gmt":"2023-04-18T02:51:11","slug":"alerta-en-santa-fe-por-el-aumento-de-casos-de-dengue","status":"publish","type":"post","link":"https:\/\/rafaeladigital.com\/noticias\/alerta-en-santa-fe-por-el-aumento-de-casos-de-dengue\/","title":{"rendered":"ALERTA EN SANTA FE POR EL AUMENTO DE CASOS DE DENGUE"},"content":{"rendered":"\n<p>En los \u00faltimos meses, se ha registrado un aumento significativo de casos de Dengue en la provincia de Santa Fe, lo que ha llevado a las autoridades sanitarias a declarar una alerta epidemiol\u00f3gica. Seg\u00fan los datos oficiales, en lo que va del a\u00f1o se han registrado m\u00e1s de 800 casos de Dengue en diferentes regiones de la provincia, lo que representa un aumento del 300% con respecto al mismo per\u00edodo del a\u00f1o anterior. Ante esta situaci\u00f3n, las autoridades sanitarias han intensificado las medidas de prevenci\u00f3n y control del Dengue, y han realizado fumigaciones en zonas de alta incidencia de la enfermedad. Adem\u00e1s, se ha recomendado a la poblaci\u00f3n adoptar medidas preventivas, como evitar la acumulaci\u00f3n de agua estancada y usar repelente y ropa adecuada para protegerse de las picaduras de mosquitos. Es importante destacar que el Dengue es una enfermedad que puede ser prevenida y controlada si se adoptan las medidas necesarias. La conciencia y la responsabilidad de cada ciudadano son fundamentales para evitar la propagaci\u00f3n del virus.<\/p>\n","protected":false},"excerpt":{"rendered":"<p>En los \u00faltimos meses, se ha registrado un aumento significativo de casos de Dengue en<\/p>\n","protected":false},"author":2,"featured_media":248,"comment_status":"closed","ping_status":"closed","sticky":false,"template":"","format":"standard","meta":{"footnotes":""},"categories":[3],"tags":[],"class_list":["post-247","post","type-post","status-publish","format-standard","has-post-thumbnail","hentry","category-salud"],"_links":{"self":[{"href":"https:\/\/rafaeladigital.com\/noticias\/wp-json\/wp\/v2\/posts\/247","targetHints":{"allow":["GET"]}}],"collection":[{"href":"https:\/\/rafaeladigital.com\/noticias\/wp-json\/wp\/v2\/posts"}],"about":[{"href":"https:\/\/rafaeladigital.com\/noticias\/wp-json\/wp\/v2\/types\/post"}],"author":[{"embeddable":true,"href":"https:\/\/rafaeladigital.com\/noticias\/wp-json\/wp\/v2\/users\/2"}],"replies":[{"embeddable":true,"href":"https:\/\/rafaeladigital.com\/noticias\/wp-json\/wp\/v2\/comments?post=247"}],"version-history":[{"count":1,"href":"https:\/\/rafaeladigital.com\/noticias\/wp-json\/wp\/v2\/posts\/247\/revisions"}],"predecessor-version":[{"id":249,"href":"https:\/\/rafaeladigital.com\/noticias\/wp-json\/wp\/v2\/posts\/247\/revisions\/249"}],"wp:featuredmedia":[{"embeddable":true,"href":"https:\/\/rafaeladigital.com\/noticias\/wp-json\/wp\/v2\/media\/248"}],"wp:attachment":[{"href":"https:\/\/rafaeladigital.com\/noticias\/wp-json\/wp\/v2\/media?parent=247"}],"wp:term":[{"taxonomy":"category","embeddable":true,"href":"https:\/\/rafaeladigital.com\/noticias\/wp-json\/wp\/v2\/categories?post=247"},{"taxonomy":"post_tag","embeddable":true,"href":"https:\/\/rafaeladigital.com\/noticias\/wp-json\/wp\/v2\/tags?post=247"}],"curies":[{"name":"wp","href":"https:\/\/api.w.org\/{rel}","templated":true}]}}