{"id":2470,"date":"2024-04-18T19:51:40","date_gmt":"2024-04-18T22:51:40","guid":{"rendered":"https:\/\/rafaeladigital.com\/noticias\/?p=2470"},"modified":"2024-04-18T19:51:44","modified_gmt":"2024-04-18T22:51:44","slug":"un-cambio-controvertido-el-aumento-de-sueldos-de-los-senadores-en-argentina","status":"publish","type":"post","link":"https:\/\/rafaeladigital.com\/noticias\/un-cambio-controvertido-el-aumento-de-sueldos-de-los-senadores-en-argentina\/","title":{"rendered":"Un Cambio Controvertido: El Aumento de Sueldos de los Senadores en Argentina"},"content":{"rendered":"\n<p>En un movimiento que ha generado controversia y debate, los sueldos de los senadores argentinos est\u00e1n en el centro de la atenci\u00f3n p\u00fablica. El reciente aumento salarial, que duplica los ingresos mensuales de los legisladores, ha sido objeto de cr\u00edticas y discusiones en todo el pa\u00eds. En medio de este escenario, la participaci\u00f3n de un representante de La Libertad Avanza ha suscitado a\u00fan m\u00e1s controversia.<\/p>\n\n\n\n<p><strong>Bruno Olivera Lucero: El Protagonista Detr\u00e1s del Cambio<\/strong><\/p>\n\n\n\n<p>Uno de los actores clave en este cambio es Bruno Olivera Lucero, un legislador de San Juan que ha firmado el pol\u00e9mico proyecto de aumento salarial. Su respaldo a la propuesta ha sido fundamental para su aprobaci\u00f3n, generando sorpresa y cr\u00edticas en la opini\u00f3n p\u00fablica.<\/p>\n\n\n\n<p><strong>Los Firmantes del Proyecto<\/strong><\/p>\n\n\n\n<p>El proyecto de aumento salarial cuenta con el respaldo de diversos legisladores, representando una amplia gama de partidos pol\u00edticos. Desde representantes kirchneristas hasta radicales, la propuesta ha recibido apoyo de una variedad de sectores pol\u00edticos, destacando la singularidad de esta iniciativa.<\/p>\n\n\n\n<p><strong>Proceso de Aprobaci\u00f3n<\/strong><\/p>\n\n\n\n<p>La aprobaci\u00f3n del aumento salarial se llev\u00f3 a cabo en un proceso que ha sido objeto de cr\u00edticas y cuestionamientos. Con una votaci\u00f3n sin debate y un m\u00ednimo de formalidades, los legisladores lograron aprobar la propuesta, generando descontento entre aquellos que cuestionan la transparencia y la \u00e9tica en el proceso legislativo.<\/p>\n\n\n\n<p><strong>Reacciones y Cr\u00edticas<\/strong><\/p>\n\n\n\n<p>Las reacciones ante el aumento salarial han sido diversas y polarizadas. Mientras que el presidente Javier Milei ha destacado la falta de participaci\u00f3n de los senadores de La Libertad Avanza en la votaci\u00f3n, otros han criticado la falta de coherencia con los principios de austeridad y anticasta que promueve el gobierno.<\/p>\n\n\n\n<p><strong>Consecuencias del Aumento<\/strong><\/p>\n\n\n\n<p>El aumento de sueldos no solo tiene implicaciones pol\u00edticas, sino tambi\u00e9n econ\u00f3micas y sociales. Con un impacto en el presupuesto p\u00fablico y en la percepci\u00f3n de la equidad salarial, este cambio plantea importantes interrogantes sobre la distribuci\u00f3n de recursos y el papel de los legisladores en la sociedad.<\/p>\n\n\n\n<p><strong>Conclusiones<\/strong><\/p>\n\n\n\n<p>En conclusi\u00f3n, el aumento de sueldos de los senadores argentinos ha generado un intenso debate y controversia en el pa\u00eds. Desde la participaci\u00f3n de legisladores hasta el proceso de aprobaci\u00f3n, este evento plantea importantes reflexiones sobre la pol\u00edtica, la transparencia y la representatividad en el gobierno.<\/p>\n\n\n\n<h1 class=\"wp-block-heading\">FAQs<\/h1>\n\n\n\n<p><strong>1. \u00bfCu\u00e1l fue el aumento salarial propuesto para los senadores?<\/strong><\/p>\n\n\n\n<ul class=\"wp-block-list\">\n<li>El aumento salarial duplicar\u00eda los ingresos mensuales de los senadores, pasando de $1,7 millones a m\u00e1s de $4 millones.<\/li>\n<\/ul>\n\n\n\n<p><strong>2. \u00bfQui\u00e9n respald\u00f3 la propuesta de aumento salarial?<\/strong><\/p>\n\n\n\n<ul class=\"wp-block-list\">\n<li>La propuesta recibi\u00f3 apoyo de diversos legisladores, incluyendo representantes kirchneristas, radicales y de otros partidos pol\u00edticos.<\/li>\n<\/ul>\n\n\n\n<p><strong>3. \u00bfC\u00f3mo se llev\u00f3 a cabo la aprobaci\u00f3n del aumento salarial?<\/strong><\/p>\n\n\n\n<ul class=\"wp-block-list\">\n<li>La aprobaci\u00f3n se realiz\u00f3 sin debate y con una votaci\u00f3n a mano alzada, generando cr\u00edticas sobre la transparencia del proceso.<\/li>\n<\/ul>\n\n\n\n<p><strong>4. \u00bfQu\u00e9 consecuencias tiene el aumento de sueldos de los senadores?<\/strong><\/p>\n\n\n\n<ul class=\"wp-block-list\">\n<li>El aumento tiene implicaciones econ\u00f3micas, sociales y pol\u00edticas, planteando interrogantes sobre la equidad salarial y el uso de recursos p\u00fablicos.<\/li>\n<\/ul>\n\n\n\n<p><strong>5. \u00bfCu\u00e1l fue la reacci\u00f3n del presidente Javier Milei ante el aumento salarial?<\/strong><\/p>\n\n\n\n<ul class=\"wp-block-list\">\n<li>El presidente destac\u00f3 la falta de participaci\u00f3n de los senadores de La Libertad Avanza en la votaci\u00f3n, generando controversia en la opini\u00f3n p\u00fablica.<\/li>\n<\/ul>\n","protected":false},"excerpt":{"rendered":"<p>Consecuencias del Aumento<\/p>\n","protected":false},"author":1,"featured_media":2471,"comment_status":"closed","ping_status":"closed","sticky":false,"template":"","format":"standard","meta":{"footnotes":""},"categories":[1,20],"tags":[262,263,261,260],"class_list":["post-2470","post","type-post","status-publish","format-standard","has-post-thumbnail","hentry","category-politica","category-argentina","tag-lucero","tag-politicos","tag-senadores","tag-sueldos"],"_links":{"self":[{"href":"https:\/\/rafaeladigital.com\/noticias\/wp-json\/wp\/v2\/posts\/2470","targetHints":{"allow":["GET"]}}],"collection":[{"href":"https:\/\/rafaeladigital.com\/noticias\/wp-json\/wp\/v2\/posts"}],"about":[{"href":"https:\/\/rafaeladigital.com\/noticias\/wp-json\/wp\/v2\/types\/post"}],"author":[{"embeddable":true,"href":"https:\/\/rafaeladigital.com\/noticias\/wp-json\/wp\/v2\/users\/1"}],"replies":[{"embeddable":true,"href":"https:\/\/rafaeladigital.com\/noticias\/wp-json\/wp\/v2\/comments?post=2470"}],"version-history":[{"count":1,"href":"https:\/\/rafaeladigital.com\/noticias\/wp-json\/wp\/v2\/posts\/2470\/revisions"}],"predecessor-version":[{"id":2472,"href":"https:\/\/rafaeladigital.com\/noticias\/wp-json\/wp\/v2\/posts\/2470\/revisions\/2472"}],"wp:featuredmedia":[{"embeddable":true,"href":"https:\/\/rafaeladigital.com\/noticias\/wp-json\/wp\/v2\/media\/2471"}],"wp:attachment":[{"href":"https:\/\/rafaeladigital.com\/noticias\/wp-json\/wp\/v2\/media?parent=2470"}],"wp:term":[{"taxonomy":"category","embeddable":true,"href":"https:\/\/rafaeladigital.com\/noticias\/wp-json\/wp\/v2\/categories?post=2470"},{"taxonomy":"post_tag","embeddable":true,"href":"https:\/\/rafaeladigital.com\/noticias\/wp-json\/wp\/v2\/tags?post=2470"}],"curies":[{"name":"wp","href":"https:\/\/api.w.org\/{rel}","templated":true}]}}