{"id":2496,"date":"2024-04-26T17:48:02","date_gmt":"2024-04-26T20:48:02","guid":{"rendered":"https:\/\/rafaeladigital.com\/noticias\/?p=2496"},"modified":"2024-04-26T17:48:07","modified_gmt":"2024-04-26T20:48:07","slug":"prioridad-del-intendente-financiamiento-de-obras-publicas-en-buenos-aires","status":"publish","type":"post","link":"https:\/\/rafaeladigital.com\/noticias\/prioridad-del-intendente-financiamiento-de-obras-publicas-en-buenos-aires\/","title":{"rendered":"Prioridad del Intendente: Financiamiento de Obras P\u00fablicas en Buenos Aires"},"content":{"rendered":"\n<h2 class=\"wp-block-heading\">Reuni\u00f3n Estrat\u00e9gica para Potenciar Programas Beneficiosos<\/h2>\n\n\n\n<p>El Intendente Leonardo Viotti, m\u00e1xima autoridad del Ejecutivo local, se reuni\u00f3 con representantes del Gobierno de Santa Fe y de la Ciudad Aut\u00f3noma de Buenos Aires. Este encuentro de vital importancia tuvo lugar en la Casa de Gobierno de Santa Fe en la localidad bonaerense.<\/p>\n\n\n\n<h3 class=\"wp-block-heading\">Fortalecimiento de Programas y Acciones para la Ciudadan\u00eda<\/h3>\n\n\n\n<p>En esta reuni\u00f3n estrat\u00e9gica, el Intendente Viotti y los representantes gubernamentales discutieron la necesidad de potenciar diferentes programas y acciones en beneficio de la ciudadan\u00eda. Entre los temas abordados se destacan la construcci\u00f3n de viviendas y la generaci\u00f3n de producci\u00f3n en colaboraci\u00f3n con el sector privado.<\/p>\n\n\n\n<h3 class=\"wp-block-heading\">Articulaci\u00f3n y Proyectos Futuros<\/h3>\n\n\n\n<p>El objetivo primordial de la reuni\u00f3n fue establecer una agenda de trabajo para proyectos futuros de la ciudad, enfoc\u00e1ndose en la necesidad de articular con el Gobierno provincial, instituciones y otras entidades relevantes. Es fundamental para el desarrollo de la ciudad establecer alianzas estrat\u00e9gicas que impulsen su crecimiento y apertura hacia el mundo.<\/p>\n\n\n\n<h3 class=\"wp-block-heading\">Financiamiento y Generaci\u00f3n de Obras P\u00fablicas<\/h3>\n\n\n\n<p>El Intendente Viotti destac\u00f3 la importancia del financiamiento para la generaci\u00f3n de obra p\u00fablica, as\u00ed como para programas de vivienda. Adem\u00e1s, se exploraron posibilidades de contacto con inversores privados para impulsar el crecimiento y la producci\u00f3n local, brindando oportunidades de desarrollo a la comunidad rafaelina.<\/p>\n\n\n\n<h2 class=\"wp-block-heading\">Casa de Gobierno Santa Fe en Buenos Aires: Un Espacio de Representaci\u00f3n Institucional<\/h2>\n\n\n\n<p>La Casa de Gobierno Santa Fe, ubicada en el coraz\u00f3n del microcentro porte\u00f1o, es el \u00e1mbito de representaci\u00f3n institucional de la provincia en la Ciudad Aut\u00f3noma de Buenos Aires.<\/p>\n\n\n\n<h3 class=\"wp-block-heading\">Funciones y Caracter\u00edsticas<\/h3>\n\n\n\n<p>Este espacio, adem\u00e1s de servir como representaci\u00f3n gubernamental permanente, acoge a las autoridades provinciales en tr\u00e1nsito por la ciudad. Su prop\u00f3sito es ser un punto de encuentro para que las autoridades locales se relacionen con diversos actores pol\u00edticos, econ\u00f3micos y sociales de Buenos Aires y su \u00e1rea metropolitana.<\/p>\n\n\n\n<h3 class=\"wp-block-heading\">Importancia Estrat\u00e9gica<\/h3>\n\n\n\n<p>La Casa de Gobierno Santa Fe juega un papel crucial en el fortalecimiento de los lazos entre la provincia y la ciudad, facilitando el di\u00e1logo y la colaboraci\u00f3n entre ambas jurisdicciones.<\/p>\n\n\n\n<p>Fuente: Prensa Municipal.<\/p>\n","protected":false},"excerpt":{"rendered":"<p>Financiamiento y Generaci\u00f3n de Obras P\u00fablicas<\/p>\n","protected":false},"author":1,"featured_media":2497,"comment_status":"closed","ping_status":"closed","sticky":false,"template":"","format":"standard","meta":{"footnotes":""},"categories":[19,24],"tags":[193,271,73],"class_list":["post-2496","post","type-post","status-publish","format-standard","has-post-thumbnail","hentry","category-sociedad","category-economia","tag-buenos-aires","tag-obras-publicas","tag-viotti"],"_links":{"self":[{"href":"https:\/\/rafaeladigital.com\/noticias\/wp-json\/wp\/v2\/posts\/2496","targetHints":{"allow":["GET"]}}],"collection":[{"href":"https:\/\/rafaeladigital.com\/noticias\/wp-json\/wp\/v2\/posts"}],"about":[{"href":"https:\/\/rafaeladigital.com\/noticias\/wp-json\/wp\/v2\/types\/post"}],"author":[{"embeddable":true,"href":"https:\/\/rafaeladigital.com\/noticias\/wp-json\/wp\/v2\/users\/1"}],"replies":[{"embeddable":true,"href":"https:\/\/rafaeladigital.com\/noticias\/wp-json\/wp\/v2\/comments?post=2496"}],"version-history":[{"count":1,"href":"https:\/\/rafaeladigital.com\/noticias\/wp-json\/wp\/v2\/posts\/2496\/revisions"}],"predecessor-version":[{"id":2498,"href":"https:\/\/rafaeladigital.com\/noticias\/wp-json\/wp\/v2\/posts\/2496\/revisions\/2498"}],"wp:featuredmedia":[{"embeddable":true,"href":"https:\/\/rafaeladigital.com\/noticias\/wp-json\/wp\/v2\/media\/2497"}],"wp:attachment":[{"href":"https:\/\/rafaeladigital.com\/noticias\/wp-json\/wp\/v2\/media?parent=2496"}],"wp:term":[{"taxonomy":"category","embeddable":true,"href":"https:\/\/rafaeladigital.com\/noticias\/wp-json\/wp\/v2\/categories?post=2496"},{"taxonomy":"post_tag","embeddable":true,"href":"https:\/\/rafaeladigital.com\/noticias\/wp-json\/wp\/v2\/tags?post=2496"}],"curies":[{"name":"wp","href":"https:\/\/api.w.org\/{rel}","templated":true}]}}