{"id":250,"date":"2023-04-17T23:50:35","date_gmt":"2023-04-18T02:50:35","guid":{"rendered":"https:\/\/rafaeladigital.com\/noticias\/?p=250"},"modified":"2023-04-17T23:50:39","modified_gmt":"2023-04-18T02:50:39","slug":"el-dia-del-malbec-celebrando-el-vino-argentino","status":"publish","type":"post","link":"https:\/\/rafaeladigital.com\/noticias\/el-dia-del-malbec-celebrando-el-vino-argentino\/","title":{"rendered":"EL D\u00cdA DEL MALBEC, CELEBRANDO EL VINO ARGENTINO"},"content":{"rendered":"\n<p>El Malbec es un vino tinto con un fuerte car\u00e1cter argentino que se ha ganado un lugar especial en el coraz\u00f3n de los amantes del vino en todo el mundo. El D\u00eda del Malbec se celebra en todo el mundo cada 17 de abril, como una forma de honrar a este vino ic\u00f3nico. En este d\u00eda, los amantes del vino de todo el mundo disfrutan de una copa de Malbec y celebran su sabor \u00fanico y su historia. En Argentina, el Malbec es el vino nacional y se cultiva en todo el pa\u00eds, especialmente en la regi\u00f3n de Mendoza, donde el clima y el suelo son ideales para su crecimiento. El D\u00eda del Malbec se celebra en todo el pa\u00eds, con festivales de vino, catas y otras actividades relacionadas con el vino. El Malbec es un vino vers\u00e1til que se puede disfrutar con muchos tipos de alimentos, desde carnes rojas hasta platos vegetarianos. Adem\u00e1s, el Malbec es conocido por ser rico en antioxidantes y beneficioso para la salud del coraz\u00f3n. En resumen, el D\u00eda del Malbec es una oportunidad para celebrar el vino argentino y su historia \u00fanica. Ya sea que lo disfrutes en una cata de vinos o con una cena elegante, el Malbec es un vino que siempre vale la pena celebrar.<\/p>\n","protected":false},"excerpt":{"rendered":"<p>El Malbec es un vino tinto con un fuerte car\u00e1cter argentino que se ha ganado<\/p>\n","protected":false},"author":2,"featured_media":251,"comment_status":"closed","ping_status":"closed","sticky":false,"template":"","format":"standard","meta":{"footnotes":""},"categories":[15],"tags":[],"class_list":["post-250","post","type-post","status-publish","format-standard","has-post-thumbnail","hentry","category-efemerides"],"_links":{"self":[{"href":"https:\/\/rafaeladigital.com\/noticias\/wp-json\/wp\/v2\/posts\/250","targetHints":{"allow":["GET"]}}],"collection":[{"href":"https:\/\/rafaeladigital.com\/noticias\/wp-json\/wp\/v2\/posts"}],"about":[{"href":"https:\/\/rafaeladigital.com\/noticias\/wp-json\/wp\/v2\/types\/post"}],"author":[{"embeddable":true,"href":"https:\/\/rafaeladigital.com\/noticias\/wp-json\/wp\/v2\/users\/2"}],"replies":[{"embeddable":true,"href":"https:\/\/rafaeladigital.com\/noticias\/wp-json\/wp\/v2\/comments?post=250"}],"version-history":[{"count":1,"href":"https:\/\/rafaeladigital.com\/noticias\/wp-json\/wp\/v2\/posts\/250\/revisions"}],"predecessor-version":[{"id":252,"href":"https:\/\/rafaeladigital.com\/noticias\/wp-json\/wp\/v2\/posts\/250\/revisions\/252"}],"wp:featuredmedia":[{"embeddable":true,"href":"https:\/\/rafaeladigital.com\/noticias\/wp-json\/wp\/v2\/media\/251"}],"wp:attachment":[{"href":"https:\/\/rafaeladigital.com\/noticias\/wp-json\/wp\/v2\/media?parent=250"}],"wp:term":[{"taxonomy":"category","embeddable":true,"href":"https:\/\/rafaeladigital.com\/noticias\/wp-json\/wp\/v2\/categories?post=250"},{"taxonomy":"post_tag","embeddable":true,"href":"https:\/\/rafaeladigital.com\/noticias\/wp-json\/wp\/v2\/tags?post=250"}],"curies":[{"name":"wp","href":"https:\/\/api.w.org\/{rel}","templated":true}]}}