{"id":2510,"date":"2024-04-26T19:01:57","date_gmt":"2024-04-26T22:01:57","guid":{"rendered":"https:\/\/rafaeladigital.com\/noticias\/?p=2510"},"modified":"2024-04-26T19:02:02","modified_gmt":"2024-04-26T22:02:02","slug":"por-que-el-gobierno-no-estara-presente-en-la-feria-del-libro-y-la-participacion-de-milei","status":"publish","type":"post","link":"https:\/\/rafaeladigital.com\/noticias\/por-que-el-gobierno-no-estara-presente-en-la-feria-del-libro-y-la-participacion-de-milei\/","title":{"rendered":"Por qu\u00e9 el Gobierno no Estar\u00e1 Presente en la Feria del Libro y la Participaci\u00f3n de Milei"},"content":{"rendered":"\n<h2 class=\"wp-block-heading\">El Gobierno Decide No Tener Stand Oficial<\/h2>\n\n\n\n<p>Tras el discurso contundente de Alejandro Vaccaro durante la apertura de la Feria del Libro, surge la pregunta sobre la ausencia del Gobierno en el evento. Por primera vez desde el retorno de la democracia, no habr\u00e1 un stand oficial del Gobierno en la feria. Sin embargo, el presidente Milei estar\u00e1 presente en un acto que requerir\u00e1 una planificaci\u00f3n minuciosa en t\u00e9rminos de seguridad y log\u00edstica.<\/p>\n\n\n\n<h2 class=\"wp-block-heading\">La Pol\u00e9mica Generada<\/h2>\n\n\n\n<p>El motivo de esta decisi\u00f3n radica en los costos asociados. Seg\u00fan el vocero Manuel Adorni, el montaje del stand requerir\u00eda una inversi\u00f3n de 300 millones de pesos, a lo que se sumar\u00edan otros 150 millones para su desmontaje. Ante esta situaci\u00f3n, se opt\u00f3 por destinar los recursos disponibles para apoyar a las bibliotecas populares, permiti\u00e9ndoles renovar y adquirir nuevas obras.<\/p>\n\n\n\n<h2 class=\"wp-block-heading\">Eficiencia en la Toma de Decisiones<\/h2>\n\n\n\n<p>Adorni enfatiz\u00f3 que la decisi\u00f3n se bas\u00f3 en criterios de eficiencia presupuestaria. Consideraron que el gasto previsto para el stand era excesivo en el contexto actual y que se podr\u00eda contribuir m\u00e1s efectivamente desde otros frentes. Esta medida representa un enfoque responsable hacia la asignaci\u00f3n de recursos p\u00fablicos.<\/p>\n\n\n\n<h2 class=\"wp-block-heading\">Destino de los Fondos Ahorrados<\/h2>\n\n\n\n<p>Aunque no se confirm\u00f3 si la totalidad de los fondos ahorrados se destinar\u00e1 a las bibliotecas populares, se asegur\u00f3 que al menos una parte de ellos ser\u00e1 reasignada para ese fin. Esta medida busca fortalecer el acceso a la cultura y el conocimiento en toda la comunidad.<\/p>\n\n\n\n<h2 class=\"wp-block-heading\">La Presencia de Milei<\/h2>\n\n\n\n<p>A pesar de la ausencia oficial del Gobierno, el presidente Milei estar\u00e1 presente en la Feria del Libro para presentar su \u00faltimo libro \u00abCapitalismo, socialismo y la trampa neocl\u00e1sica\u00bb. La elecci\u00f3n de la Pista Central de la Rural como lugar para la presentaci\u00f3n responde a consideraciones de capacidad y seguridad, permitiendo la asistencia de un amplio p\u00fablico.<\/p>\n\n\n\n<h2 class=\"wp-block-heading\">Log\u00edstica y Costos de la Presentaci\u00f3n<\/h2>\n\n\n\n<p>La organizaci\u00f3n del evento de Milei se asemejar\u00e1 a la de un concierto de gran escala. Seg\u00fan estimaciones, el costo de esta presentaci\u00f3n rondar\u00e1 los 60 millones de pesos, incluyendo aspectos t\u00e9cnicos y servicios de seguridad, limpieza, entre otros. Este despliegue log\u00edstico garantizar\u00e1 un ambiente seguro y adecuado para el p\u00fablico asistente.<\/p>\n\n\n\n<h2 class=\"wp-block-heading\">Aclaraci\u00f3n sobre la Seguridad<\/h2>\n\n\n\n<p>Ante las preocupaciones planteadas sobre la seguridad del presidente Milei, se aclar\u00f3 que la responsabilidad recae en la Casa Militar y no en la Feria del Libro. Esta medida garantiza la integridad y protecci\u00f3n del mandatario durante su participaci\u00f3n en el evento.<\/p>\n\n\n\n<p>En conclusi\u00f3n, la decisi\u00f3n del Gobierno de no tener un stand oficial en la Feria del Libro responde a criterios de eficiencia y priorizaci\u00f3n de recursos. La participaci\u00f3n de Milei en el evento destaca la importancia de la cultura y el intercambio de ideas en la sociedad actual.<\/p>\n","protected":false},"excerpt":{"rendered":"<p>Aclaraci\u00f3n sobre la Seguridad<\/p>\n","protected":false},"author":1,"featured_media":2511,"comment_status":"closed","ping_status":"closed","sticky":false,"template":"","format":"standard","meta":{"footnotes":""},"categories":[1,14],"tags":[280,26,115],"class_list":["post-2510","post","type-post","status-publish","format-standard","has-post-thumbnail","hentry","category-politica","category-cultura-sociedad","tag-feria-de-libro","tag-javier-milei","tag-milei"],"_links":{"self":[{"href":"https:\/\/rafaeladigital.com\/noticias\/wp-json\/wp\/v2\/posts\/2510","targetHints":{"allow":["GET"]}}],"collection":[{"href":"https:\/\/rafaeladigital.com\/noticias\/wp-json\/wp\/v2\/posts"}],"about":[{"href":"https:\/\/rafaeladigital.com\/noticias\/wp-json\/wp\/v2\/types\/post"}],"author":[{"embeddable":true,"href":"https:\/\/rafaeladigital.com\/noticias\/wp-json\/wp\/v2\/users\/1"}],"replies":[{"embeddable":true,"href":"https:\/\/rafaeladigital.com\/noticias\/wp-json\/wp\/v2\/comments?post=2510"}],"version-history":[{"count":1,"href":"https:\/\/rafaeladigital.com\/noticias\/wp-json\/wp\/v2\/posts\/2510\/revisions"}],"predecessor-version":[{"id":2512,"href":"https:\/\/rafaeladigital.com\/noticias\/wp-json\/wp\/v2\/posts\/2510\/revisions\/2512"}],"wp:featuredmedia":[{"embeddable":true,"href":"https:\/\/rafaeladigital.com\/noticias\/wp-json\/wp\/v2\/media\/2511"}],"wp:attachment":[{"href":"https:\/\/rafaeladigital.com\/noticias\/wp-json\/wp\/v2\/media?parent=2510"}],"wp:term":[{"taxonomy":"category","embeddable":true,"href":"https:\/\/rafaeladigital.com\/noticias\/wp-json\/wp\/v2\/categories?post=2510"},{"taxonomy":"post_tag","embeddable":true,"href":"https:\/\/rafaeladigital.com\/noticias\/wp-json\/wp\/v2\/tags?post=2510"}],"curies":[{"name":"wp","href":"https:\/\/api.w.org\/{rel}","templated":true}]}}