{"id":2552,"date":"2024-05-11T21:26:09","date_gmt":"2024-05-12T00:26:09","guid":{"rendered":"https:\/\/rafaeladigital.com\/noticias\/?p=2552"},"modified":"2024-05-11T21:26:15","modified_gmt":"2024-05-12T00:26:15","slug":"murio-el-flaco-juan-maria-traverso-una-de-las-leyendas-del-automovilismo-argentino","status":"publish","type":"post","link":"https:\/\/rafaeladigital.com\/noticias\/murio-el-flaco-juan-maria-traverso-una-de-las-leyendas-del-automovilismo-argentino\/","title":{"rendered":"Muri\u00f3 el Flaco Juan Mar\u00eda Traverso, una de las leyendas del automovilismo argentino"},"content":{"rendered":"\n<p>En una triste noticia que sacude al mundo del deporte argentino, se ha confirmado el fallecimiento de Juan Mar\u00eda Traverso, reconocido como una leyenda del automovilismo nacional. A sus 73 a\u00f1os de edad, el oriundo de Ramallo deja un legado imborrable en las pistas argentinas.<\/p>\n\n\n\n<p>El Flaco Traverso hab\u00eda sido diagnosticado con c\u00e1ncer de es\u00f3fago hace algunos meses, y hoy su partida deja un profundo pesar entre sus seguidores y colegas del deporte motor.<\/p>\n\n\n\n<p>La Asociaci\u00f3n de Corredores de Turismo Carretera (ACTC) expres\u00f3 su tristeza a trav\u00e9s de las redes sociales, describiendo a Traverso como un \u00eddolo que trascendi\u00f3 al automovilismo. Desde la Asociaci\u00f3n Argentina de Volantes, de la cual era presidente, tambi\u00e9n se emiti\u00f3 un emotivo mensaje de despedida, recordando su legado en cada aut\u00f3dromo del pa\u00eds.<\/p>\n\n\n\n<p>Traverso, cuyo nombre quedar\u00e1 grabado en la historia del deporte argentino, debut\u00f3 oficialmente en las pistas el 31 de octubre de 1971 en la Vuelta de Pergamino. Desde entonces, su carrera fue una sucesi\u00f3n de \u00e9xitos, destac\u00e1ndose con siete t\u00edtulos en el TC2000, seis en el Turismo Carretera y tres en el Top Race. Su \u00faltima victoria tuvo lugar el 22 de agosto de 2004 en Olavarr\u00eda.<\/p>\n\n\n\n<p>Pero m\u00e1s all\u00e1 de sus logros deportivos, Traverso fue un referente fuera de las pistas. Como presidente de la Asociaci\u00f3n Argentina de Volantes, trabaj\u00f3 incansablemente por el bienestar de los pilotos y el desarrollo del automovilismo en el pa\u00eds. Adem\u00e1s, su centro de alto rendimiento en el Aut\u00f3dromo de Buenos Aires fue un espacio fundamental para la formaci\u00f3n de j\u00f3venes talentos.<\/p>\n\n\n\n<p>Entre los momentos m\u00e1s memorables de su carrera se encuentra su hist\u00f3rica victoria en una carrera del TC 2000 en 1998, donde cruz\u00f3 la meta con su auto en llamas, demostrando su valent\u00eda y determinaci\u00f3n.<\/p>\n\n\n\n<p>La partida de Juan Mar\u00eda Traverso deja un vac\u00edo en el automovilismo argentino que nunca podr\u00e1 ser llenado. Su legado perdurar\u00e1 en las pistas y en el coraz\u00f3n de aquellos que lo admiraron y siguieron su carrera con pasi\u00f3n.<\/p>\n","protected":false},"excerpt":{"rendered":"<p>En una triste noticia que sacude al mundo del deporte argentino, se ha confirmado el<\/p>\n","protected":false},"author":1,"featured_media":2553,"comment_status":"closed","ping_status":"closed","sticky":false,"template":"","format":"standard","meta":{"footnotes":""},"categories":[13,20],"tags":[92,123,45,91,297],"class_list":["post-2552","post","type-post","status-publish","format-standard","has-post-thumbnail","hentry","category-deporte","category-argentina","tag-actc","tag-automovilismo","tag-rafaela","tag-tc","tag-traverso"],"_links":{"self":[{"href":"https:\/\/rafaeladigital.com\/noticias\/wp-json\/wp\/v2\/posts\/2552","targetHints":{"allow":["GET"]}}],"collection":[{"href":"https:\/\/rafaeladigital.com\/noticias\/wp-json\/wp\/v2\/posts"}],"about":[{"href":"https:\/\/rafaeladigital.com\/noticias\/wp-json\/wp\/v2\/types\/post"}],"author":[{"embeddable":true,"href":"https:\/\/rafaeladigital.com\/noticias\/wp-json\/wp\/v2\/users\/1"}],"replies":[{"embeddable":true,"href":"https:\/\/rafaeladigital.com\/noticias\/wp-json\/wp\/v2\/comments?post=2552"}],"version-history":[{"count":1,"href":"https:\/\/rafaeladigital.com\/noticias\/wp-json\/wp\/v2\/posts\/2552\/revisions"}],"predecessor-version":[{"id":2554,"href":"https:\/\/rafaeladigital.com\/noticias\/wp-json\/wp\/v2\/posts\/2552\/revisions\/2554"}],"wp:featuredmedia":[{"embeddable":true,"href":"https:\/\/rafaeladigital.com\/noticias\/wp-json\/wp\/v2\/media\/2553"}],"wp:attachment":[{"href":"https:\/\/rafaeladigital.com\/noticias\/wp-json\/wp\/v2\/media?parent=2552"}],"wp:term":[{"taxonomy":"category","embeddable":true,"href":"https:\/\/rafaeladigital.com\/noticias\/wp-json\/wp\/v2\/categories?post=2552"},{"taxonomy":"post_tag","embeddable":true,"href":"https:\/\/rafaeladigital.com\/noticias\/wp-json\/wp\/v2\/tags?post=2552"}],"curies":[{"name":"wp","href":"https:\/\/api.w.org\/{rel}","templated":true}]}}