{"id":2596,"date":"2024-06-23T13:03:21","date_gmt":"2024-06-23T16:03:21","guid":{"rendered":"https:\/\/rafaeladigital.com\/noticias\/?p=2596"},"modified":"2024-06-23T13:03:26","modified_gmt":"2024-06-23T16:03:26","slug":"una-trifulca-que-sacudio-rafaela-la-historia-completa","status":"publish","type":"post","link":"https:\/\/rafaeladigital.com\/noticias\/una-trifulca-que-sacudio-rafaela-la-historia-completa\/","title":{"rendered":"Una Trifulca que Sacudi\u00f3 Rafaela: La Historia Completa"},"content":{"rendered":"\n<p>En Rafaela, una disputa aparentemente trivial se convirti\u00f3 en el centro de atenci\u00f3n, revelando profundos rencores y traiciones del pasado. Lo que comenz\u00f3 como una simple discusi\u00f3n en una estaci\u00f3n de servicio, termin\u00f3 involucrando a gran parte de la comunidad y se viraliz\u00f3 r\u00e1pidamente en las redes sociales.<\/p>\n\n\n\n<h4 class=\"wp-block-heading\"><strong>El Estallido del Conflicto<\/strong><\/h4>\n\n\n\n<p>La pelea comenz\u00f3 entre dos hombres que hab\u00edan sido vecinos durante a\u00f1os. Testigos en la estaci\u00f3n de servicio describen c\u00f3mo la discusi\u00f3n, inicialmente verbal, se torn\u00f3 f\u00edsica de manera inesperada. Lo que muchos no sab\u00edan es que esta disputa ten\u00eda ra\u00edces mucho m\u00e1s profundas, remont\u00e1ndose a viejas rencillas entre las familias de ambos involucrados.<\/p>\n\n\n\n<figure class=\"wp-block-embed is-type-rich is-provider-twitter wp-block-embed-twitter\"><div class=\"wp-block-embed__wrapper\">\n<blockquote class=\"twitter-tweet\" data-width=\"550\" data-dnt=\"true\"><p lang=\"es\" dir=\"ltr\">\u201cPelea\u201d<br><br>Porque un cliente se enoj\u00f3 con otro que no le prestaba el diario Clar\u00edn, lo fue a buscar, le sac\u00f3 el peri\u00f3dico y le meti\u00f3 una trompada; luego, uno de los amigos del agredido se veng\u00f3. Ocurri\u00f3 en Rafaela. <a href=\"https:\/\/t.co\/ewlLOapxOU\">pic.twitter.com\/ewlLOapxOU<\/a><\/p>&mdash; Tendencias en Argentina (@porqueTTarg) <a href=\"https:\/\/twitter.com\/porqueTTarg\/status\/1803612862931177715?ref_src=twsrc%5Etfw\" target=\"_blank\" rel=\"noopener\">June 20, 2024<\/a><\/blockquote><script async src=\"https:\/\/platform.twitter.com\/widgets.js\" charset=\"utf-8\"><\/script>\n<\/div><\/figure>\n\n\n\n<h4 class=\"wp-block-heading\"><strong>Viejos Rencores que No Sanan<\/strong><\/h4>\n\n\n\n<p>Los conflictos entre estas familias eran conocidos por algunos, pero muchos cre\u00edan que hab\u00edan sido olvidados. Sin embargo, peque\u00f1os desacuerdos sobre tierras y diferencias personales se mantuvieron latentes, esperando el momento oportuno para resurgir. La pelea en la estaci\u00f3n de servicio fue solo el catalizador de una serie de problemas acumulados.<\/p>\n\n\n\n<h4 class=\"wp-block-heading\"><strong>Intervenci\u00f3n de Vecinos y Amigos<\/strong><\/h4>\n\n\n\n<p>Varios vecinos y amigos trataron de mediar en el conflicto. No obstante, la situaci\u00f3n r\u00e1pidamente se sali\u00f3 de control cuando m\u00e1s personas se unieron a la disputa, defendiendo a uno u otro lado y exacerbando el enfrentamiento. La intervenci\u00f3n comunitaria, en lugar de apaciguar los \u00e1nimos, a\u00f1adi\u00f3 combustible al fuego.<\/p>\n\n\n\n<h4 class=\"wp-block-heading\"><strong>La Influencia de las Redes Sociales<\/strong><\/h4>\n\n\n\n<p>En la era digital, las redes sociales jugaron un papel crucial. Videos del enfrentamiento se propagaron r\u00e1pidamente, exponiendo detalles privados y escalando el conflicto a una audiencia mucho mayor. Este incidente gener\u00f3 un debate sobre los l\u00edmites de la privacidad y la responsabilidad en la difusi\u00f3n de contenido sensible.<\/p>\n\n\n\n<h4 class=\"wp-block-heading\"><strong>Reflexiones sobre el Incidente<\/strong><\/h4>\n\n\n\n<p>Este episodio en Rafaela subraya c\u00f3mo los conflictos no resueltos pueden emerger de manera violenta e inesperada, afectando no solo a los directamente involucrados sino tambi\u00e9n a toda la comunidad. Adem\u00e1s, muestra c\u00f3mo en un mundo interconectado, un incidente local puede tener repercusiones amplias y ser discutido a nivel global en cuesti\u00f3n de horas.<\/p>\n","protected":false},"excerpt":{"rendered":"<p>En Rafaela, una disputa aparentemente trivial se convirti\u00f3 en el centro de atenci\u00f3n, revelando profundos<\/p>\n","protected":false},"author":1,"featured_media":2598,"comment_status":"closed","ping_status":"closed","sticky":false,"template":"","format":"standard","meta":{"footnotes":""},"categories":[19],"tags":[303,302],"class_list":["post-2596","post","type-post","status-publish","format-standard","has-post-thumbnail","hentry","category-sociedad","tag-conflicto","tag-trifulca"],"_links":{"self":[{"href":"https:\/\/rafaeladigital.com\/noticias\/wp-json\/wp\/v2\/posts\/2596","targetHints":{"allow":["GET"]}}],"collection":[{"href":"https:\/\/rafaeladigital.com\/noticias\/wp-json\/wp\/v2\/posts"}],"about":[{"href":"https:\/\/rafaeladigital.com\/noticias\/wp-json\/wp\/v2\/types\/post"}],"author":[{"embeddable":true,"href":"https:\/\/rafaeladigital.com\/noticias\/wp-json\/wp\/v2\/users\/1"}],"replies":[{"embeddable":true,"href":"https:\/\/rafaeladigital.com\/noticias\/wp-json\/wp\/v2\/comments?post=2596"}],"version-history":[{"count":1,"href":"https:\/\/rafaeladigital.com\/noticias\/wp-json\/wp\/v2\/posts\/2596\/revisions"}],"predecessor-version":[{"id":2599,"href":"https:\/\/rafaeladigital.com\/noticias\/wp-json\/wp\/v2\/posts\/2596\/revisions\/2599"}],"wp:featuredmedia":[{"embeddable":true,"href":"https:\/\/rafaeladigital.com\/noticias\/wp-json\/wp\/v2\/media\/2598"}],"wp:attachment":[{"href":"https:\/\/rafaeladigital.com\/noticias\/wp-json\/wp\/v2\/media?parent=2596"}],"wp:term":[{"taxonomy":"category","embeddable":true,"href":"https:\/\/rafaeladigital.com\/noticias\/wp-json\/wp\/v2\/categories?post=2596"},{"taxonomy":"post_tag","embeddable":true,"href":"https:\/\/rafaeladigital.com\/noticias\/wp-json\/wp\/v2\/tags?post=2596"}],"curies":[{"name":"wp","href":"https:\/\/api.w.org\/{rel}","templated":true}]}}