{"id":2699,"date":"2024-10-17T09:55:01","date_gmt":"2024-10-17T12:55:01","guid":{"rendered":"https:\/\/rafaeladigital.com\/noticias\/?p=2699"},"modified":"2024-10-17T09:55:04","modified_gmt":"2024-10-17T12:55:04","slug":"revista-beatles-reproduccion-del-programa-no-498","status":"publish","type":"post","link":"https:\/\/rafaeladigital.com\/noticias\/revista-beatles-reproduccion-del-programa-no-498\/","title":{"rendered":"Revista Beatles. Reproducci\u00f3n del Programa N\u00ba 498."},"content":{"rendered":"\n<p>Vuelve la magia a Revista Beatles!. Vuelve Luis Alberto Spinetta y la segunda parte de Los Socios del Desierto. Suzi Quatro en \u201cChicas, chicas y chicas\u201d; \u00faltima entrega en Anthology 3 de las Get Back Sessions oficiales. Festejamos los 50 a\u00f1os de un discazo: \u201cCiudad de guitarras callejeras\u201d de Moris.<\/p>\n\n\n\n<p>Nueva entrega de la m\u00fasica de tu vida con las series de los \u201870 y cerramos a toda Frecuencia Modulada con Bon Jovi.<\/p>\n\n\n\n<p>Revista Beatles, la cultura es la sonrisa. Por Radio <a href=\"https:\/\/www.facebook.com\/sanpatricio102.3?__cft__[0]=AZW1AoVx-EkuTEUIiuZwcFFYx656BGxqf0REr8CgO0ocE0hUsHtjUfXnKrOHMY46UkY9NVE1Cn1vX6eho4aEw_1y_j5NvP9AYpT5VHJrSwHAtYH5x2Z8AoWMgGVcSlPgvMMDPXm0aDLKW4jC_fyUb4WtRJ8XZCyoN7Npdn_r1vYJ7A&amp;__tn__=-]K-R\" target=\"_blank\" rel=\"noopener\">San Patricio<\/a><a><\/a>102.3. Por Internet: <a href=\"https:\/\/l.facebook.com\/l.php?u=http%3A%2F%2Fes.streema.com%2F...%2Fplay%2FRadio_San_Patricio_FM_102.3%3Ffbclid%3DIwZXh0bgNhZW0CMTAAAR2MqQeBcFSOZ7uNiCRdJtEpwY6yv5QDUHKqAinZeSzySDwMDo8j8UJwrIk_aem_cLDEqG1MvltvijA6x08E7A&amp;h=AT3iz-lT08sKQUhKyjBXkWNn9ug8EGabUGzNXNLxAXjwHE2M1ZJ_9yh1UYQKi078rtvP--AmA4oYoFTahKkoLTxFkViVPTdvicYI98yapU0Bp-Qd8wCT38Fl477_xin6TA&amp;__tn__=-UK-R&amp;c[0]=AT1Hi6RQhhDUScDO0uMLjbkghtjZ7Ep__tfJ_Q2Cc6i0_asCTih-fyKRlVPswLMG0w4dmkZ9AwEEN9wQZ_emq5iLN3Ivyy92ZramTfjwEdwHuv80jPlIm7HaoQafiw7tiQFBV5jEQqH-5maUiW3ogE7BIzk_oDf3btp2xv1n5U0uDSGK_h0uTw\" rel=\"noreferrer noopener\" target=\"_blank\">http:\/\/es.streema.com\/&#8230;\/play\/Radio_San_Patricio_FM_102.3<\/a><\/p>\n\n\n\n<p>Emitido el s\u00e1bado 12 de octubre de 2024. 19.20 horas.<br>Idea y conducci\u00f3n: Jos\u00e9 Luis Banchio.<br>Sonido, Post Edici\u00f3n: Florencia Demonte<br>FM San Patricio 102.3. Rafaela, Santa Fe. Rep\u00fablica Argentina<\/p>\n\n\n\n<p>Listado de canciones:<\/p>\n\n\n\n<p>1 \u2013 Nasty People &#8211; Spinetta y los Socios del Desierto<\/p>\n\n\n\n<p>2 \u2013 Jard\u00edn de gente &#8211; Spinetta y los Socios del Desierto<\/p>\n\n\n\n<p>3 \u2013 Holanda &#8211; Spinetta y los Socios del Desierto<\/p>\n\n\n\n<p>4 \u2013 El Reba\u00f1o del Pastor &#8211; Spinetta y los Socios del Desierto<\/p>\n\n\n\n<p>5 \u2013 2 de Enero &#8211; Spinetta y los Socios del Desierto<\/p>\n\n\n\n<p>6 \u2013 48 Crash \u2013 Suzi Quatro<\/p>\n\n\n\n<p>7 \u2013 If You Can&#8217;t Give Me Love &#8211; Suzi Quatro<\/p>\n\n\n\n<p>8 \u2013 Rock Hard &#8211; Suzi Quatro<\/p>\n\n\n\n<p>9 \u2013 Stumblin&#8217; In &#8211; Suzi Quatro y Chris Norman<\/p>\n\n\n\n<p>10 &#8211; Mailman, Bring Me No More Blues \u2013 The Beatles<\/p>\n\n\n\n<p>11 \u2013 Get Back \u2013 The Beatles<\/p>\n\n\n\n<p>12 \u2013 Mi querido amigo Pipo \u2013 Moris<\/p>\n\n\n\n<p>13 \u2013 Muchacho del taller y la oficina \u2013 Moris<\/p>\n\n\n\n<p>14 \u2013 El mendigo de Dock Sud \u2013 Moris<\/p>\n\n\n\n<p>15 \u2013 Tengo 40 millones \u2013 Moris<\/p>\n\n\n\n<p>16 \u2013 Te tocar\u00e1n el timbre \u2013 Moris<\/p>\n\n\n\n<p>17 \u2013 Yakety Sax \u2013 Boots Randolph (El Show de Benny Hill)<\/p>\n\n\n\n<p>18 \u2013 Happy Days \u2013 The Ron Hicklin Singers<\/p>\n\n\n\n<p>19 \u2013 Laverne and Shirley &#8211; Intro Serie<\/p>\n\n\n\n<p>20 \u2013 Mork and Mindy &#8211; Intro Serie<\/p>\n\n\n\n<p>21 \u2013 Liberty Bell March \u2013 US Army Field Band (The Monty Phyton&#8217;s Flying Circus)<\/p>\n\n\n\n<p>22 \u2013 Living On A Prayer \u2013 Bon Jovi<\/p>\n\n\n\n<p>23 \u2013 You Give Love A Bad Name &#8211; Bon Jovi<\/p>\n\n\n\n<p>Link para escuchar el programa:<\/p>\n\n\n\n<p><a href=\"https:\/\/www.ivoox.com\/revista-beatles-programa-n-498-audios-mp3_rf_134866554_1.html?fbclid=IwY2xjawF959pleHRuA2FlbQIxMQABHZGkCf9kHDaQn7IGxIi-h1LdFFXHQczy240QdjVvdRa-SVduHOghUZC-6A_aem_QNDQDJ8U2Yy8UBk2IwX8vw\" target=\"_blank\" rel=\"noopener\">https:\/\/www.ivoox.com\/revista-beatles-programa-n-498-audios-mp3_rf_134866554_1.html?fbclid=IwY2xjawF959pleHRuA2FlbQIxMQABHZGkCf9kHDaQn7IGxIi-h1LdFFXHQczy240QdjVvdRa-SVduHOghUZC-6A_aem_QNDQDJ8U2Yy8UBk2IwX8vw<\/a><\/p>\n\n\n\n<p><\/p>\n","protected":false},"excerpt":{"rendered":"<p>Vuelve la magia a Revista Beatles!. Vuelve Luis Alberto Spinetta y la segunda parte de<\/p>\n","protected":false},"author":3,"featured_media":2700,"comment_status":"closed","ping_status":"closed","sticky":false,"template":"","format":"standard","meta":{"footnotes":""},"categories":[23],"tags":[],"class_list":["post-2699","post","type-post","status-publish","format-standard","has-post-thumbnail","hentry","category-musica"],"_links":{"self":[{"href":"https:\/\/rafaeladigital.com\/noticias\/wp-json\/wp\/v2\/posts\/2699","targetHints":{"allow":["GET"]}}],"collection":[{"href":"https:\/\/rafaeladigital.com\/noticias\/wp-json\/wp\/v2\/posts"}],"about":[{"href":"https:\/\/rafaeladigital.com\/noticias\/wp-json\/wp\/v2\/types\/post"}],"author":[{"embeddable":true,"href":"https:\/\/rafaeladigital.com\/noticias\/wp-json\/wp\/v2\/users\/3"}],"replies":[{"embeddable":true,"href":"https:\/\/rafaeladigital.com\/noticias\/wp-json\/wp\/v2\/comments?post=2699"}],"version-history":[{"count":1,"href":"https:\/\/rafaeladigital.com\/noticias\/wp-json\/wp\/v2\/posts\/2699\/revisions"}],"predecessor-version":[{"id":2701,"href":"https:\/\/rafaeladigital.com\/noticias\/wp-json\/wp\/v2\/posts\/2699\/revisions\/2701"}],"wp:featuredmedia":[{"embeddable":true,"href":"https:\/\/rafaeladigital.com\/noticias\/wp-json\/wp\/v2\/media\/2700"}],"wp:attachment":[{"href":"https:\/\/rafaeladigital.com\/noticias\/wp-json\/wp\/v2\/media?parent=2699"}],"wp:term":[{"taxonomy":"category","embeddable":true,"href":"https:\/\/rafaeladigital.com\/noticias\/wp-json\/wp\/v2\/categories?post=2699"},{"taxonomy":"post_tag","embeddable":true,"href":"https:\/\/rafaeladigital.com\/noticias\/wp-json\/wp\/v2\/tags?post=2699"}],"curies":[{"name":"wp","href":"https:\/\/api.w.org\/{rel}","templated":true}]}}