{"id":3261,"date":"2025-02-27T14:53:29","date_gmt":"2025-02-27T17:53:29","guid":{"rendered":"https:\/\/rafaeladigital.com\/noticias\/padre-carron-vulnerabilidad-ia\/"},"modified":"2025-02-27T14:53:29","modified_gmt":"2025-02-27T17:53:29","slug":"padre-carron-vulnerabilidad-ia","status":"publish","type":"post","link":"https:\/\/rafaeladigital.com\/noticias\/padre-carron-vulnerabilidad-ia\/","title":{"rendered":"\u00abPadre Carr\u00f3n Advirti\u00f3: La Vulnerabilidad ante la IA Desconocida\u00bb"},"content":{"rendered":"<h2 id=\"padre-carr\u00f3n-advirti\u00f3-la-vulnerabilidad-ante-la-ia-desconocida\">Padre Carr\u00f3n Advirti\u00f3: La Vulnerabilidad ante la IA Desconocida<\/h2>\n<p>En un contexto donde la tecnolog\u00eda avanza a pasos agigantados, la inteligencia artificial (IA) ha become un tema central en diversas esferas de la sociedad, incluyendo la eclesial. El padre Antonio Carr\u00f3n, un agustino recoleto y experto en filosof\u00eda y teolog\u00eda, ha sido vocal sobre los riesgos y oportunidades que la IA presenta, especialmente en la prevenci\u00f3n de abusos y la protecci\u00f3n de menores.<\/p>\n<h3 id=\"la-ia-en-nuestras-vidas\">La IA en Nuestras Vidas<\/h3>\n<p>La IA ha penetrado profundamente en nuestras vidas diarias, often de manera casi imperceptible. Desde el uso de smartphones y aplicaciones como Alexa o Siri, hasta los sistemas de gu\u00eda en veh\u00edculos y la selecci\u00f3n de contenidos audiovisuales en redes sociales, la IA est\u00e1 presente en casi todos los aspectos de nuestra vida digital. Sin embargo, este omnipresencia tambi\u00e9n trae consigo una serie de desaf\u00edos y vulnerabilidades que no deben ser ignorados.<\/p>\n<p>\u00abLa inteligencia artificial ha llegado a nuestras vidas y no nos hemos enterado,\u00bb destac\u00f3 el padre Carr\u00f3n durante su ponencia en el IV Congreso de CEPROME Latinoam\u00e9rica en Lima, Per\u00fa. \u00abEstamos rodeados de inteligencia artificial, y cada vez m\u00e1s, las decisiones se est\u00e1n tomando basadas en algoritmos. Conocer lo que est\u00e1 detr\u00e1s de un algoritmo es importante para que evitemos esos sesgos\u00bb.<\/p>\n<h3 id=\"vulnerabilidades-y-riesgos\">Vulnerabilidades y Riesgos<\/h3>\n<p>Uno de los principales riesgos asociados con la IA es la falta de comprensi\u00f3n sobre c\u00f3mo funciona y qu\u00e9 implica su uso. \u00abDesconocer lo que est\u00e1 detr\u00e1s de la IA nos hace m\u00e1s vulnerables,\u00bb advirti\u00f3 el padre Carr\u00f3n. Esta falta de conocimiento no solo nos expone a riesgos tecnol\u00f3gicos, sino tambi\u00e9n a manipulaciones y abusos que pueden tener consecuencias graves.<\/p>\n<p>En el \u00e1mbito de la prevenci\u00f3n de abusos, la IA presenta varios desaf\u00edos. La facilidad con la que se pueden crear y distribuir contenidos ilegales, como im\u00e1genes o mensajes sexualizados, es particularmente preocupante. Estos contenidos, a menudo generados mediante t\u00e9cnicas de IA, pueden ser dif\u00edciles de detectar legalmente debido a las zonas grises en las que operan. Por ejemplo, herramientas de IA pueden crear im\u00e1genes compuestas que son casi indistinguibles de las reales, lo que complica la identificaci\u00f3n y el seguimiento de contenidos ilegales.<\/p>\n<h3 id=\"impacto-en-la-comunidad-eclesial\">Impacto en la Comunidad Eclesial<\/h3>\n<p>La comunidad eclesial no es inmune a estos desaf\u00edos. La IA puede incidir negativamente en varios aspectos de la misi\u00f3n de la Iglesia, incluyendo la prevenci\u00f3n de abusos, la educaci\u00f3n y el trato con los j\u00f3venes. El padre Carr\u00f3n enfatiz\u00f3 la importancia de una formaci\u00f3n s\u00f3lida para los agentes de prevenci\u00f3n, destacando que \u00abhay que educar para la inteligencia artificial, hay que educar sobre la inteligencia artificial, hay que educar en la inteligencia artificial\u00bb.<\/p>\n<p>La desinformaci\u00f3n y la manipulaci\u00f3n de contenidos son otros riesgos significativos. La IA puede generar bulos y contenidos falsos con una velocidad y eficacia sin precedentes, lo que puede tener efectos devastadores en la confianza y la cohesi\u00f3n social. Un estudio reciente revel\u00f3 que m\u00e1s del 80% de los espa\u00f1oles considera que la IA puede suponer un riesgo para la sociedad si no se gestiona adecuadamente, con preocupaciones particulares en \u00e1reas como el entorno laboral, la desinformaci\u00f3n y la privacidad de datos.<\/p>\n<h3 id=\"oportunidades-y-soluciones\">Oportunidades y Soluciones<\/h3>\n<p>A pesar de los riesgos, la IA tambi\u00e9n ofrece oportunidades significativas para la prevenci\u00f3n y el bienestar. El padre Carr\u00f3n sugiri\u00f3 que la IA puede ser utilizada para fomentar un esp\u00edritu cr\u00edtico y para anticiparse a circunstancias potencialmente peligrosas. Por ejemplo, herramientas de IA pueden ayudar en la sensibilizaci\u00f3n y formaci\u00f3n de familias, as\u00ed como en \u00e1mbitos educativos, pastorales y parroquiales.<\/p>\n<p>La educaci\u00f3n y la conciencia son clave para mitigar los riesgos asociados con la IA. Es crucial que tanto los j\u00f3venes como los adultos est\u00e9n informados sobre c\u00f3mo la IA funciona y c\u00f3mo pueden protegerse de sus posibles abusos. El establecimiento de pautas y l\u00edmites claros, as\u00ed como la integraci\u00f3n de la IA en una formaci\u00f3n adecuada, son pasos esenciales para aprovechar sus beneficios mientras se minimizan los riesgos.<\/p>\n<h3 id=\"conciencia-y-acci\u00f3n-comunitaria\">Conciencia y Acci\u00f3n Comunitaria<\/h3>\n<p>La comunidad eclesial y la sociedad en general deben abordar este tema con seriedad y urgencia. El padre Carr\u00f3n ha compartido talleres de formaci\u00f3n con personas responsables de oficinas de comunicaci\u00f3n de di\u00f3cesis, destacando la necesidad de abrir este tema a muchos agentes pastorales en diferentes contextos diocesanos y parroquiales. \u00abEs un tema del que debemos hablar. El Papa nos lo ha dejado muy claro, es un tema central que de alguna forma est\u00e1 presente en nuestras vidas,\u00bb enfatiz\u00f3.<\/p>\n<p>En conclusi\u00f3n, la IA es una herramienta poderosa que puede tener impactos tanto positivos como negativos. La advertencia del padre Carr\u00f3n sobre la vulnerabilidad ante la IA desconocida es un llamado a la acci\u00f3n para educarnos, sensibilizarnos y utilizar esta tecnolog\u00eda de manera responsable. Solo mediante una comprensi\u00f3n profunda y una gesti\u00f3n adecuada de la IA podemos maximizar sus beneficios y minimizar sus riesgos.<\/p>\n<h2 id=\"tags\">Tags:<\/h2>\n<p>inteligencia artificial, padre Carr\u00f3n, prevenci\u00f3n de abusos, comunidad eclesial, educaci\u00f3n en IA, desinformaci\u00f3n, privacidad de datos, riesgos de la IA, beneficios de la IA, formaci\u00f3n en IA, tecnolog\u00eda y sociedad.<\/p>\n","protected":false},"excerpt":{"rendered":"<p>Padre Carr\u00f3n Advirti\u00f3: La Vulnerabilidad ante la IA Desconocida En un contexto donde la tecnolog\u00eda<\/p>\n","protected":false},"author":1,"featured_media":3260,"comment_status":"","ping_status":"","sticky":false,"template":"","format":"standard","meta":{"footnotes":""},"categories":[306],"tags":[],"class_list":["post-3261","post","type-post","status-publish","format-standard","has-post-thumbnail","hentry","category-tecno-ia"],"_links":{"self":[{"href":"https:\/\/rafaeladigital.com\/noticias\/wp-json\/wp\/v2\/posts\/3261","targetHints":{"allow":["GET"]}}],"collection":[{"href":"https:\/\/rafaeladigital.com\/noticias\/wp-json\/wp\/v2\/posts"}],"about":[{"href":"https:\/\/rafaeladigital.com\/noticias\/wp-json\/wp\/v2\/types\/post"}],"author":[{"embeddable":true,"href":"https:\/\/rafaeladigital.com\/noticias\/wp-json\/wp\/v2\/users\/1"}],"replies":[{"embeddable":true,"href":"https:\/\/rafaeladigital.com\/noticias\/wp-json\/wp\/v2\/comments?post=3261"}],"version-history":[{"count":0,"href":"https:\/\/rafaeladigital.com\/noticias\/wp-json\/wp\/v2\/posts\/3261\/revisions"}],"wp:featuredmedia":[{"embeddable":true,"href":"https:\/\/rafaeladigital.com\/noticias\/wp-json\/wp\/v2\/media\/3260"}],"wp:attachment":[{"href":"https:\/\/rafaeladigital.com\/noticias\/wp-json\/wp\/v2\/media?parent=3261"}],"wp:term":[{"taxonomy":"category","embeddable":true,"href":"https:\/\/rafaeladigital.com\/noticias\/wp-json\/wp\/v2\/categories?post=3261"},{"taxonomy":"post_tag","embeddable":true,"href":"https:\/\/rafaeladigital.com\/noticias\/wp-json\/wp\/v2\/tags?post=3261"}],"curies":[{"name":"wp","href":"https:\/\/api.w.org\/{rel}","templated":true}]}}