{"id":345,"date":"2023-04-22T12:09:34","date_gmt":"2023-04-22T15:09:34","guid":{"rendered":"https:\/\/rafaeladigital.com\/noticias\/?p=345"},"modified":"2023-04-22T12:09:38","modified_gmt":"2023-04-22T15:09:38","slug":"dia-de-la-tierra-celebrando-nuestro-planeta-y-promoviendo-la-sostenibilidad","status":"publish","type":"post","link":"https:\/\/rafaeladigital.com\/noticias\/dia-de-la-tierra-celebrando-nuestro-planeta-y-promoviendo-la-sostenibilidad\/","title":{"rendered":"D\u00eda de la Tierra: Celebrando nuestro planeta y promoviendo la sostenibilidad"},"content":{"rendered":"\n<p>El D\u00eda de la Tierra se celebra cada a\u00f1o el 22 de abril y fue establecido en 1970 por el senador estadounidense Gaylord Nelson para crear conciencia sobre la importancia de proteger nuestro planeta y promover la sostenibilidad. En este d\u00eda, personas de todo el mundo se unen para tomar medidas que ayuden a preservar nuestro hogar y hacer frente a los desaf\u00edos ambientales que enfrentamos. En esta nota period\u00edstica, exploraremos la historia del D\u00eda de la Tierra, su importancia y las acciones que podemos tomar para contribuir a un futuro m\u00e1s sostenible.<\/p>\n\n\n\n<h2 class=\"wp-block-heading\"><strong>La Historia del D\u00eda de la Tierra<\/strong><\/h2>\n\n\n\n<p>En 1969, Gaylord Nelson, senador estadounidense por Wisconsin, qued\u00f3 impactado por la devastaci\u00f3n causada por un derrame de petr\u00f3leo en Santa Barbara, California. Quer\u00eda crear una forma de llamar la atenci\u00f3n sobre los problemas ambientales y promover la acci\u00f3n a nivel nacional. El 22 de abril de 1970, el primer D\u00eda de la Tierra se celebr\u00f3 con una serie de eventos y manifestaciones en todo Estados Unidos. Fue un \u00e9xito rotundo y se convirti\u00f3 en un evento anual. Desde entonces, el D\u00eda de la Tierra se ha convertido en un evento global, celebrado en m\u00e1s de 190 pa\u00edses.<\/p>\n\n\n\n<h2 class=\"wp-block-heading\"><strong>La Importancia del D\u00eda de la Tierra<\/strong><\/h2>\n\n\n\n<p>El D\u00eda de la Tierra es un recordatorio anual de que debemos cuidar de nuestro planeta. Es una oportunidad para reflexionar sobre nuestros h\u00e1bitos y comportamientos y pensar en maneras en que podemos ser m\u00e1s responsables con el medio ambiente. El D\u00eda de la Tierra tambi\u00e9n es un llamado a la acci\u00f3n, instando a los gobiernos, las empresas y las personas a tomar medidas para proteger nuestro planeta.<\/p>\n\n\n\n<h2 class=\"wp-block-heading\"><strong>Acciones para un Futuro M\u00e1s Sostenible<\/strong><\/h2>\n\n\n\n<p>Hay muchas maneras en que podemos contribuir a un futuro m\u00e1s sostenible. Algunas de las acciones que podemos tomar incluyen:<\/p>\n\n\n\n<h3 class=\"wp-block-heading\"><strong>Reducir nuestro consumo de energ\u00eda<\/strong><\/h3>\n\n\n\n<p>Reducir nuestro consumo de energ\u00eda es una de las formas m\u00e1s efectivas de reducir nuestra huella de carbono. Podemos hacer esto apagando las luces cuando no las necesitamos, reduciendo el uso de electrodom\u00e9sticos y ajustando la temperatura de nuestros hogares para ahorrar energ\u00eda.<\/p>\n\n\n\n<h3 class=\"wp-block-heading\"><strong>Cambiar nuestros h\u00e1bitos de transporte<\/strong><\/h3>\n\n\n\n<p>Nuestros veh\u00edculos son una de las mayores fuentes de emisiones de gases de efecto invernadero. Podemos reducir nuestra huella de carbono cambiando nuestros h\u00e1bitos de transporte. Por ejemplo, caminando o en bicicleta para distancias cortas o tomando transporte p\u00fablico en lugar de conducir nuestro propio veh\u00edculo.<\/p>\n\n\n\n<h3 class=\"wp-block-heading\"><strong>Reducir nuestro desperdicio de alimentos<\/strong><\/h3>\n\n\n\n<p>La comida que desperdiciamos es una gran fuente de emisiones de gases de efecto invernadero. Podemos reducir nuestro desperdicio de alimentos comprando solo lo que necesitamos y consumi\u00e9ndolo antes de que caduque.<\/p>\n\n\n\n<h3 class=\"wp-block-heading\"><strong>Apoyar a empresas sostenibles<\/strong><\/h3>\n\n\n\n<p>Las empresas sostenibles utilizan pr\u00e1cticas respetuosas con el medio ambiente en su producci\u00f3n y operaciones. Podemos apoyar a estas empresas eligiendo productos y servicios que sean sostenibles.<\/p>\n","protected":false},"excerpt":{"rendered":"<p>El D\u00eda de la Tierra se celebra cada a\u00f1o el 22 de abril y fue<\/p>\n","protected":false},"author":1,"featured_media":346,"comment_status":"closed","ping_status":"closed","sticky":false,"template":"","format":"standard","meta":{"footnotes":""},"categories":[15],"tags":[],"class_list":["post-345","post","type-post","status-publish","format-standard","has-post-thumbnail","hentry","category-efemerides"],"_links":{"self":[{"href":"https:\/\/rafaeladigital.com\/noticias\/wp-json\/wp\/v2\/posts\/345","targetHints":{"allow":["GET"]}}],"collection":[{"href":"https:\/\/rafaeladigital.com\/noticias\/wp-json\/wp\/v2\/posts"}],"about":[{"href":"https:\/\/rafaeladigital.com\/noticias\/wp-json\/wp\/v2\/types\/post"}],"author":[{"embeddable":true,"href":"https:\/\/rafaeladigital.com\/noticias\/wp-json\/wp\/v2\/users\/1"}],"replies":[{"embeddable":true,"href":"https:\/\/rafaeladigital.com\/noticias\/wp-json\/wp\/v2\/comments?post=345"}],"version-history":[{"count":1,"href":"https:\/\/rafaeladigital.com\/noticias\/wp-json\/wp\/v2\/posts\/345\/revisions"}],"predecessor-version":[{"id":347,"href":"https:\/\/rafaeladigital.com\/noticias\/wp-json\/wp\/v2\/posts\/345\/revisions\/347"}],"wp:featuredmedia":[{"embeddable":true,"href":"https:\/\/rafaeladigital.com\/noticias\/wp-json\/wp\/v2\/media\/346"}],"wp:attachment":[{"href":"https:\/\/rafaeladigital.com\/noticias\/wp-json\/wp\/v2\/media?parent=345"}],"wp:term":[{"taxonomy":"category","embeddable":true,"href":"https:\/\/rafaeladigital.com\/noticias\/wp-json\/wp\/v2\/categories?post=345"},{"taxonomy":"post_tag","embeddable":true,"href":"https:\/\/rafaeladigital.com\/noticias\/wp-json\/wp\/v2\/tags?post=345"}],"curies":[{"name":"wp","href":"https:\/\/api.w.org\/{rel}","templated":true}]}}