{"id":3618,"date":"2025-12-05T20:44:52","date_gmt":"2025-12-05T23:44:52","guid":{"rendered":"https:\/\/rafaeladigital.com\/noticias\/polemica-impuesto-ganancias-docentes-ministerio-educacion\/"},"modified":"2025-12-05T20:44:52","modified_gmt":"2025-12-05T23:44:52","slug":"polemica-impuesto-ganancias-docentes-ministerio-educacion","status":"publish","type":"post","link":"https:\/\/rafaeladigital.com\/noticias\/polemica-impuesto-ganancias-docentes-ministerio-educacion\/","title":{"rendered":"Impuesto a Ganancias para Docentes: Confusi\u00f3n e Indignaci\u00f3n de 100.000 por Error de Correos"},"content":{"rendered":"<p><iframe width=\"480\" height=\"360\" data-src=\"\/\/www.youtube.com\/embed\/fHtuHEwDmGY\" frameborder=\"0\" allow=\"accelerometer; autoplay; clipboard-write; encrypted-media; gyroscope; picture-in-picture; web-share\" referrerpolicy=\"strict-origin-when-cross-origin\" allowfullscreen src=\"data:image\/svg+xml;base64,PHN2ZyB3aWR0aD0iMSIgaGVpZ2h0PSIxIiB4bWxucz0iaHR0cDovL3d3dy53My5vcmcvMjAwMC9zdmciPjwvc3ZnPg==\" class=\"lazyload\" data-load-mode=\"1\"><\/iframe><\/p>\n<h1>\u00bfImpuesto a las Ganancias para los docentes?<\/h1>\n<h2>Pol\u00e9mica y nueva indignaci\u00f3n<\/h2>\n<p>Despu\u00e9s de la pol\u00e9mica con un docente, el Ministro de Educaci\u00f3n vuelve a generar indignaci\u00f3n. \ud83d\ude33<\/p>\n<h2>El correo masivo y el error<\/h2>\n<p>M\u00e1s de 100.000 docentes recibieron un correo informando que pagar\u00edan Impuesto a las Ganancias, cuando en realidad esto solo afectaba a unos 4.300.<\/p>\n<h3>Una confusi\u00f3n grave y falta de respeto<\/h3>\n<p>\u2757\ufe0fUna confusi\u00f3n grave y una falta de respeto al esfuerzo de nuestros docentes.<\/p>\n<h3>Reclamos y exigencias<\/h3>\n<p>\ud83d\udc49\ud83c\udffb Basta de tomarle el pelo a los docentes!<br \/>\nExigimos explicaciones claras y urgentes, esta clase de \u201cerrores\u201d no pueden volver a ocurrir.<\/p>\n","protected":false},"excerpt":{"rendered":"<p>\u00bfImpuesto a las Ganancias para los docentes? Pol\u00e9mica y nueva indignaci\u00f3n Despu\u00e9s de la pol\u00e9mica<\/p>\n","protected":false},"author":1,"featured_media":3619,"comment_status":"","ping_status":"","sticky":false,"template":"","format":"standard","meta":{"footnotes":""},"categories":[14],"tags":[],"class_list":["post-3618","post","type-post","status-publish","format-standard","has-post-thumbnail","hentry","category-cultura-sociedad"],"_links":{"self":[{"href":"https:\/\/rafaeladigital.com\/noticias\/wp-json\/wp\/v2\/posts\/3618","targetHints":{"allow":["GET"]}}],"collection":[{"href":"https:\/\/rafaeladigital.com\/noticias\/wp-json\/wp\/v2\/posts"}],"about":[{"href":"https:\/\/rafaeladigital.com\/noticias\/wp-json\/wp\/v2\/types\/post"}],"author":[{"embeddable":true,"href":"https:\/\/rafaeladigital.com\/noticias\/wp-json\/wp\/v2\/users\/1"}],"replies":[{"embeddable":true,"href":"https:\/\/rafaeladigital.com\/noticias\/wp-json\/wp\/v2\/comments?post=3618"}],"version-history":[{"count":0,"href":"https:\/\/rafaeladigital.com\/noticias\/wp-json\/wp\/v2\/posts\/3618\/revisions"}],"wp:featuredmedia":[{"embeddable":true,"href":"https:\/\/rafaeladigital.com\/noticias\/wp-json\/wp\/v2\/media\/3619"}],"wp:attachment":[{"href":"https:\/\/rafaeladigital.com\/noticias\/wp-json\/wp\/v2\/media?parent=3618"}],"wp:term":[{"taxonomy":"category","embeddable":true,"href":"https:\/\/rafaeladigital.com\/noticias\/wp-json\/wp\/v2\/categories?post=3618"},{"taxonomy":"post_tag","embeddable":true,"href":"https:\/\/rafaeladigital.com\/noticias\/wp-json\/wp\/v2\/tags?post=3618"}],"curies":[{"name":"wp","href":"https:\/\/api.w.org\/{rel}","templated":true}]}}