{"id":388,"date":"2023-04-23T09:35:15","date_gmt":"2023-04-23T12:35:15","guid":{"rendered":"https:\/\/rafaeladigital.com\/noticias\/?p=388"},"modified":"2023-04-23T09:37:13","modified_gmt":"2023-04-23T12:37:13","slug":"el-seom-se-concentra-en-proteccion-vial-y-comunitaria","status":"publish","type":"post","link":"https:\/\/rafaeladigital.com\/noticias\/el-seom-se-concentra-en-proteccion-vial-y-comunitaria\/","title":{"rendered":"El SEOM se concentra en Protecci\u00f3n Vial y Comunitaria"},"content":{"rendered":"\n<p>El pr\u00f3ximo martes 25 de abril, el Sindicato de Empleados y Obreros Municipales (SEOM) llevar\u00e1 a cabo una jornada de reflexi\u00f3n de dos horas en medio del esc\u00e1ndalo que estall\u00f3 hace algunas semanas, cuando se presentaron 30 denuncias por abuso sexual y de poder en el \u00e1mbito de Protecci\u00f3n Vial y Comunitaria.<\/p>\n\n\n\n<p>Inicialmente, se hab\u00eda anunciado un paro para esa jornada, pero el Departamento Ejecutivo Municipal (DEM) avanz\u00f3 con el sumario administrativo para los cinco coordinadores sospechados de los casos de abuso sexual y de poder en esa \u00e1rea, quienes fueron separados temporalmente de sus cargos. Ante esta medida, el SEOM reevalu\u00f3 su decisi\u00f3n y solo se desafectar\u00e1n a los agentes municipales durante dos horas, de 11 a 13, para poder participar de la marcha y concentraci\u00f3n.<\/p>\n\n\n\n<p>El secretario general del SEOM, Horacio Catena, dijo a los medios de comunicaci\u00f3n que el objetivo de la jornada de reflexi\u00f3n es para que los empleados municipales se interioricen sobre el protocolo que se est\u00e1 llevando adelante para atender las denuncias que han surgido, y que los trabajadores puedan expresarse libremente al respecto.<\/p>\n\n\n\n<p>\u00abEsta actividad se enmarca en la lucha por erradicar la violencia de g\u00e9nero y la discriminaci\u00f3n en el \u00e1mbito laboral\u00bb, expres\u00f3 Catena. \u00abLa medida es una forma de visibilizar la situaci\u00f3n que se vive en la Direcci\u00f3n de Protecci\u00f3n Vial y Comunitaria, que afecta no solo a los empleados de ese sector, sino a todo el municipio\u00bb.<\/p>\n\n\n\n<p>Cabe recordar que, tras conocerse las denuncias, los concejales reclamaron al secretario de Gobierno y Participaci\u00f3n, Jorge Muriel, por la falta de acci\u00f3n ante los casos de abuso sexual y de poder. Adem\u00e1s, las concejalas Alejandra Sagardoy, Brenda Vimo y Valeria Soltermam se reunieron con las representantes del SEOM para avanzar en futuras modificaciones al protocolo, a fin de garantizar que las denuncias puedan realizarse libremente y sin presiones.<\/p>\n\n\n\n<p>En definitiva, la jornada de reflexi\u00f3n que llevar\u00e1 adelante el SEOM el pr\u00f3ximo martes 25 busca generar conciencia sobre la problem\u00e1tica de violencia de g\u00e9nero y discriminaci\u00f3n en el \u00e1mbito laboral, y visibilizar la situaci\u00f3n que se vive en la Direcci\u00f3n de Protecci\u00f3n Vial y Comunitaria del municipio.<br><br>Foto: <a href=\"https:\/\/www.movilquique.com\/\" target=\"_blank\" rel=\"noopener\">movilquique.com<\/a><\/p>\n","protected":false},"excerpt":{"rendered":"<p>El pr\u00f3ximo martes 25 de abril, el Sindicato de Empleados y Obreros Municipales (SEOM) llevar\u00e1<\/p>\n","protected":false},"author":1,"featured_media":389,"comment_status":"closed","ping_status":"closed","sticky":false,"template":"","format":"standard","meta":{"footnotes":""},"categories":[19],"tags":[],"class_list":["post-388","post","type-post","status-publish","format-standard","has-post-thumbnail","hentry","category-sociedad"],"_links":{"self":[{"href":"https:\/\/rafaeladigital.com\/noticias\/wp-json\/wp\/v2\/posts\/388","targetHints":{"allow":["GET"]}}],"collection":[{"href":"https:\/\/rafaeladigital.com\/noticias\/wp-json\/wp\/v2\/posts"}],"about":[{"href":"https:\/\/rafaeladigital.com\/noticias\/wp-json\/wp\/v2\/types\/post"}],"author":[{"embeddable":true,"href":"https:\/\/rafaeladigital.com\/noticias\/wp-json\/wp\/v2\/users\/1"}],"replies":[{"embeddable":true,"href":"https:\/\/rafaeladigital.com\/noticias\/wp-json\/wp\/v2\/comments?post=388"}],"version-history":[{"count":2,"href":"https:\/\/rafaeladigital.com\/noticias\/wp-json\/wp\/v2\/posts\/388\/revisions"}],"predecessor-version":[{"id":391,"href":"https:\/\/rafaeladigital.com\/noticias\/wp-json\/wp\/v2\/posts\/388\/revisions\/391"}],"wp:featuredmedia":[{"embeddable":true,"href":"https:\/\/rafaeladigital.com\/noticias\/wp-json\/wp\/v2\/media\/389"}],"wp:attachment":[{"href":"https:\/\/rafaeladigital.com\/noticias\/wp-json\/wp\/v2\/media?parent=388"}],"wp:term":[{"taxonomy":"category","embeddable":true,"href":"https:\/\/rafaeladigital.com\/noticias\/wp-json\/wp\/v2\/categories?post=388"},{"taxonomy":"post_tag","embeddable":true,"href":"https:\/\/rafaeladigital.com\/noticias\/wp-json\/wp\/v2\/tags?post=388"}],"curies":[{"name":"wp","href":"https:\/\/api.w.org\/{rel}","templated":true}]}}