{"id":4023,"date":"2026-01-23T12:18:19","date_gmt":"2026-01-23T15:18:19","guid":{"rendered":"https:\/\/rafaeladigital.com\/noticias\/santa-fe-invierte-ciencia-tecnologia-2025\/"},"modified":"2026-01-23T12:18:19","modified_gmt":"2026-01-23T15:18:19","slug":"santa-fe-invierte-ciencia-tecnologia-2025","status":"publish","type":"post","link":"https:\/\/rafaeladigital.com\/noticias\/santa-fe-invierte-ciencia-tecnologia-2025\/","title":{"rendered":"Santa Fe invierte m\u00e1s de 8 mil millones en ciencia 2025"},"content":{"rendered":"<h1 id=\"santa-fe-invierte-m\u00e1s-de-8-mil-millones-en-ciencia-y-tecnolog\u00eda-un-hito-hist\u00f3rico-para-la-innovaci\u00f3n-provincial\">Santa Fe Invierte M\u00e1s de 8 Mil Millones en Ciencia y Tecnolog\u00eda: Un Hito Hist\u00f3rico para la Innovaci\u00f3n Provincial<\/h1>\n<p>La provincia de Santa Fe ha demostrado un compromiso sin precedentes con el desarrollo cient\u00edfico y tecnol\u00f3gico durante 2025. El Gobierno Provincial ejecut\u00f3 una inversi\u00f3n de <strong>$8.142.458.824,44<\/strong> en pol\u00edticas de fortalecimiento cient\u00edfico y tecnol\u00f3gico, consolidando su posici\u00f3n como referente en materia de innovaci\u00f3n en Argentina, especialmente en un contexto nacional donde la inversi\u00f3n en ciencia atraviesa momentos desafiantes.<\/p>\n<h2 id=\"un-contexto-nacional-complejo\">Un Contexto Nacional Complejo<\/h2>\n<p>Para comprender la magnitud de esta inversi\u00f3n santafesina, es importante enmarcarla en el panorama nacional actual. Mientras que Argentina cierra 2025 con un m\u00ednimo hist\u00f3rico en inversi\u00f3n p\u00fablica en ciencia y tecnolog\u00eda, con una ca\u00edda por debajo del 0,16% del Producto Bruto Interno, Santa Fe mantiene una direcci\u00f3n contraria. Rub\u00e9n Spies, director del Conicet Santa Fe, ha descrito la situaci\u00f3n nacional como una \u00abca\u00edda libre\u00bb del financiamiento cient\u00edfico. En este escenario, la apuesta provincial representa un acto de resistencia y visi\u00f3n estrat\u00e9gica hacia el futuro.<\/p>\n<h2 id=\"la-agencia-santafesina-motor-de-la-innovaci\u00f3n\">La Agencia Santafesina: Motor de la Innovaci\u00f3n<\/h2>\n<p>Detr\u00e1s de esta inversi\u00f3n significativa se encuentra la <strong>Agencia Santafesina de Ciencia, Tecnolog\u00eda e Innovaci\u00f3n (ASaCTeI)<\/strong>, que act\u00faa como el motor institucional del desarrollo cient\u00edfico provincial. Esta agencia tiene como prop\u00f3sito fundamental estimular, promocionar e invertir en ciencia, tecnolog\u00eda e innovaci\u00f3n en las \u00e1reas estrat\u00e9gicas que generen una transformaci\u00f3n integral de Santa Fe.<\/p>\n<p>La ASaCTeI ha experimentado un proceso de consolidaci\u00f3n constante durante los \u00faltimos a\u00f1os, implementando herramientas \u00e1giles y construyendo estrategias articuladas con todo el ecosistema de ciencia, tecnolog\u00eda e innovaci\u00f3n. Su enfoque sin\u00e9rgico busca un acercamiento genuino con los usuarios finales de las pol\u00edticas de fomento, transparentando los procedimientos de selecci\u00f3n de beneficiarios y garantizando que los recursos lleguen a quienes m\u00e1s los necesitan.<\/p>\n<h2 id=\"tres-pilares-estrat\u00e9gicos\">Tres Pilares Estrat\u00e9gicos<\/h2>\n<p>La ASaCTeI ha organizado su accionar bajo tres premisas fundamentales que orientan la distribuci\u00f3n y ejecuci\u00f3n de estos 8 mil millones de pesos:<\/p>\n<p><strong>Apertura de convocatorias<\/strong>: La agencia procura ampliar y diversificar sus convocatorias de financiamiento para llegar a todo el p\u00fablico interesado, democratizando el acceso a fondos para investigaci\u00f3n y desarrollo. Esto implica reducir barreras de entrada y facilitar la participaci\u00f3n de instituciones peque\u00f1as, emprendedores y investigadores independientes.<\/p>\n<p><strong>Impacto territorial<\/strong>: Se busca alcanzar una mayor penetraci\u00f3n geogr\u00e1fica de las herramientas de financiamiento, asegurando que el interior provincial y las comunidades m\u00e1s alejadas puedan beneficiarse de los recursos disponibles. Esta visi\u00f3n descentralizada evita la concentraci\u00f3n de inversi\u00f3n en centros urbanos grandes y promueve el desarrollo equilibrado del territorio santafesino.<\/p>\n<p><strong>Perspectiva de g\u00e9nero<\/strong>: La selecci\u00f3n de proyectos es guiada por criterios de igualdad de g\u00e9nero, reconociendo la importancia de ampliar la participaci\u00f3n de mujeres en ciencia y tecnolog\u00eda. Esta dimensi\u00f3n transversal busca corregir desigualdades hist\u00f3ricas en el acceso a financiamiento y oportunidades en sectores cient\u00edficos y tecnol\u00f3gicos.<\/p>\n<h2 id=\"convocatorias-y-programas-de-financiamiento-2025\">Convocatorias y Programas de Financiamiento 2025<\/h2>\n<p>Durante 2025, la ASaCTeI lanz\u00f3 una serie de convocatorias de promoci\u00f3n y financiamiento dise\u00f1adas para estimular el desarrollo de ciencia y tecnolog\u00eda en \u00e1reas estrat\u00e9gicas. Estos programas no operan como mecanismos burocr\u00e1ticos tradicionales, sino como catalizadores del cambio e innovaci\u00f3n en sectores clave de la econom\u00eda y la sociedad santafesina.<\/p>\n<p>Las \u00e1reas estrat\u00e9gicas priorizadas reflejan una comprensi\u00f3n sofisticada de los desaf\u00edos contempor\u00e1neos: desde biotecnolog\u00eda y agroindustria, hasta tecnolog\u00edas de la informaci\u00f3n, energ\u00edas renovables y sostenibilidad ambiental. Cada convocatoria est\u00e1 dise\u00f1ada para estimular tanto la investigaci\u00f3n fundamental como la aplicada, reconociendo que ambas son necesarias para generar valor econ\u00f3mico y social.<\/p>\n<h2 id=\"integraci\u00f3n-con-pol\u00edticas-educativas\">Integraci\u00f3n con Pol\u00edticas Educativas<\/h2>\n<p>La inversi\u00f3n en ciencia y tecnolog\u00eda de Santa Fe no existe en aislamiento, sino que forma parte de una estrategia integral que incluye educaci\u00f3n y conectividad. Recientemente, el Poder Ejecutivo Provincial emiti\u00f3 decretos de modificaci\u00f3n presupuestaria que incorporan recursos adicionales del <strong>Fondo de Financiamiento Educativo<\/strong> por $61.414.954.654,47, en cumplimiento de la Ley Nacional N\u00b0 26075.<\/p>\n<p>Esta ley, sancionada en 2005, dispuso un incremento progresivo de la inversi\u00f3n en educaci\u00f3n, ciencia y tecnolog\u00eda por parte de gobiernos nacionales, provinciales y de la CABA, con el objetivo de alcanzar una participaci\u00f3n del 6% del Producto Bruto Interior. Aunque ese objetivo inicial no se ha alcanzado a nivel nacional, Santa Fe contin\u00faa incrementando sus compromisos en esta \u00e1rea, subrayando la importancia de formar recursos humanos especializados.<\/p>\n<p>Adem\u00e1s, el programa <strong>Santa Fe + Conectada<\/strong> canalizar\u00e1 recursos para mejorar la tecnolog\u00eda y la conectividad en escuelas provinciales, financiado con cr\u00e9ditos del Banco de Desarrollo de Am\u00e9rica Latina y de la Agencia Francesa para el Desarrollo. Esta iniciativa reconoce que la infraestructura digital es fundamental para que estudiantes y docentes accedan a herramientas de investigaci\u00f3n y desarrollo modernas.<\/p>\n<h2 id=\"impacto-en-el-ecosistema-de-innovaci\u00f3n\">Impacto en el Ecosistema de Innovaci\u00f3n<\/h2>\n<p>La inversi\u00f3n de 8 mil millones de pesos en 2025 representa m\u00e1s que n\u00fameros en un presupuesto: constituye una apuesta por la transformaci\u00f3n estructural de Santa Fe. Los fondos destinados a ciencia y tecnolog\u00eda generan efectos multiplicadores en la econom\u00eda provincial, estimulando la creaci\u00f3n de empresas de base tecnol\u00f3gica, mejorando la productividad agr\u00edcola e industrial, y creando empleos de calidad.<\/p>\n<p>La provincia de Santa Fe, hist\u00f3ricamente importante en agricultura, ganader\u00eda y producci\u00f3n agroindustrial, puede aprovechar esta inversi\u00f3n para modernizar sus sectores productivos tradicionales. La biotecnolog\u00eda, la agricultura de precisi\u00f3n y la tecnolog\u00eda de procesos ofrecen oportunidades para incrementar la competitividad y el valor agregado de sus productos.<\/p>\n<p>Simult\u00e1neamente, Santa Fe busca diversificar su base econ\u00f3mica, desarrollando capacidades en software, inteligencia artificial, tecnolog\u00edas limpias y otras industrias de alto valor. El financiamiento de proyectos de investigaci\u00f3n en estas \u00e1reas contribuye a la atracci\u00f3n de talento, la retenci\u00f3n de investigadores j\u00f3venes y la generaci\u00f3n de un ecosistema din\u00e1mico de innovaci\u00f3n.<\/p>\n<h2 id=\"desaf\u00edos-y-perspectivas\">Desaf\u00edos y Perspectivas<\/h2>\n<p>Aunque la inversi\u00f3n provincial es significativa, el contexto nacional plantea desaf\u00edos importantes. La reducci\u00f3n de financiamiento federal en ciencia y tecnolog\u00eda limita la colaboraci\u00f3n entre instituciones nacionales y provinciales, y afecta la movilidad de investigadores. La \u00abca\u00edda libre\u00bb del presupuesto nacional descripta por autoridades del Conicet local genera incertidumbre sobre la sostenibilidad de proyectos de investigaci\u00f3n que dependen de financiamiento de m\u00faltiples fuentes.<\/p>\n<p>A pesar de estos obst\u00e1culos, Santa Fe mantiene una visi\u00f3n clara: posicionarse como polo cient\u00edfico-tecnol\u00f3gico de excelencia, atrayendo inversi\u00f3n privada, investigadores destacados e instituciones acad\u00e9micas de prestigio. La apuesta es que una provincia con ciencia y tecnolog\u00eda fortalecidas ser\u00e1 m\u00e1s resiliente, competitiva y capaz de enfrentar los desaf\u00edos del siglo XXI.<\/p>\n<h2 id=\"hacia-el-futuro\">Hacia el Futuro<\/h2>\n<p>La inversi\u00f3n de 8 mil millones de pesos en 2025 establece un precedente y una responsabilidad. Para que estos recursos generen el impacto esperado, es crucial garantizar que:<\/p>\n<p>Los proyectos financiados sean evaluados con criterios rigurosos de calidad cient\u00edfica y potencial de aplicaci\u00f3n pr\u00e1ctica. La transparencia en la selecci\u00f3n de beneficiarios debe ser reforzada constantemente. Los investigadores y emprendedores financiados deben recibir acompa\u00f1amiento y mentor\u00edas para maximizar el \u00e9xito de sus iniciativas. La generaci\u00f3n de conocimiento debe conectarse efectivamente con el sector productivo y la sociedad civil.<\/p>\n<p>Santa Fe ha tomado una decisi\u00f3n hist\u00f3rica: mientras el pa\u00eds enfrenta recortes sin precedentes en ciencia y tecnolog\u00eda, la provincia apuesta por invertir en el futuro. Esta decisi\u00f3n refleja una comprensi\u00f3n profunda de que el conocimiento, la innovaci\u00f3n y la tecnolog\u00eda son los pilares sobre los que se construye el desarrollo sostenible y equitativo.<\/p>\n<p>Los 8 mil millones de pesos invertidos durante 2025 no son simplemente gastos presupuestarios, sino semillas plantadas hoy que germinar\u00e1n en descubrimientos cient\u00edficos, tecnolog\u00edas transformadoras, empresas innovadoras y empleos especializados en los a\u00f1os venideros. En un contexto nacional desafiante, Santa Fe brilla como referente de visi\u00f3n, compromiso y esperanza en la ciencia.<\/p>\n<hr>\n<p><strong>Palabras clave:<\/strong> ciencia y tecnolog\u00eda Santa Fe, inversi\u00f3n innovaci\u00f3n 2025, Agencia Santafesina Ciencia, financiamiento investigaci\u00f3n provincial, desarrollo cient\u00edfico Argentina, ecosistema tecnol\u00f3gico santafesino, pol\u00edticas ciencia educaci\u00f3n, convocatorias investigaci\u00f3n 2025, transformaci\u00f3n provincia innovaci\u00f3n, futuro ciencia Santa Fe.<\/p>\n","protected":false},"excerpt":{"rendered":"<p>Santa Fe Invierte M\u00e1s de 8 Mil Millones en Ciencia y Tecnolog\u00eda: Un Hito Hist\u00f3rico<\/p>\n","protected":false},"author":1,"featured_media":4022,"comment_status":"","ping_status":"","sticky":false,"template":"","format":"standard","meta":{"footnotes":""},"categories":[19],"tags":[190,88,256,45,180,73],"class_list":["post-4023","post","type-post","status-publish","format-standard","has-post-thumbnail","hentry","category-sociedad","tag-cultura","tag-docentes","tag-estudiantes","tag-rafaela","tag-region","tag-viotti"],"_links":{"self":[{"href":"https:\/\/rafaeladigital.com\/noticias\/wp-json\/wp\/v2\/posts\/4023","targetHints":{"allow":["GET"]}}],"collection":[{"href":"https:\/\/rafaeladigital.com\/noticias\/wp-json\/wp\/v2\/posts"}],"about":[{"href":"https:\/\/rafaeladigital.com\/noticias\/wp-json\/wp\/v2\/types\/post"}],"author":[{"embeddable":true,"href":"https:\/\/rafaeladigital.com\/noticias\/wp-json\/wp\/v2\/users\/1"}],"replies":[{"embeddable":true,"href":"https:\/\/rafaeladigital.com\/noticias\/wp-json\/wp\/v2\/comments?post=4023"}],"version-history":[{"count":0,"href":"https:\/\/rafaeladigital.com\/noticias\/wp-json\/wp\/v2\/posts\/4023\/revisions"}],"wp:featuredmedia":[{"embeddable":true,"href":"https:\/\/rafaeladigital.com\/noticias\/wp-json\/wp\/v2\/media\/4022"}],"wp:attachment":[{"href":"https:\/\/rafaeladigital.com\/noticias\/wp-json\/wp\/v2\/media?parent=4023"}],"wp:term":[{"taxonomy":"category","embeddable":true,"href":"https:\/\/rafaeladigital.com\/noticias\/wp-json\/wp\/v2\/categories?post=4023"},{"taxonomy":"post_tag","embeddable":true,"href":"https:\/\/rafaeladigital.com\/noticias\/wp-json\/wp\/v2\/tags?post=4023"}],"curies":[{"name":"wp","href":"https:\/\/api.w.org\/{rel}","templated":true}]}}