{"id":4068,"date":"2026-01-25T08:43:53","date_gmt":"2026-01-25T11:43:53","guid":{"rendered":"https:\/\/rafaeladigital.com\/noticias\/122-millones-dia-publicidad-gobierno-sin-inversion-salud-mental\/"},"modified":"2026-01-25T08:43:53","modified_gmt":"2026-01-25T11:43:53","slug":"122-millones-dia-publicidad-gobierno-sin-inversion-salud-mental","status":"publish","type":"post","link":"https:\/\/rafaeladigital.com\/noticias\/122-millones-dia-publicidad-gobierno-sin-inversion-salud-mental\/","title":{"rendered":"$122M diarios en publicidad: Gobierno descuida salud mental"},"content":{"rendered":"<p><iframe width=\"480\" height=\"360\" data-src=\"\/\/www.youtube.com\/embed\/yJaXjtio614\" frameborder=\"0\" allow=\"accelerometer; autoplay; clipboard-write; encrypted-media; gyroscope; picture-in-picture; web-share\" referrerpolicy=\"strict-origin-when-cross-origin\" allowfullscreen src=\"data:image\/svg+xml;base64,PHN2ZyB3aWR0aD0iMSIgaGVpZ2h0PSIxIiB4bWxucz0iaHR0cDovL3d3dy53My5vcmcvMjAwMC9zdmciPjwvc3ZnPg==\" class=\"lazyload\" data-load-mode=\"1\"><\/iframe><\/p>\n<h1>\ud83d\udcb8 $122 MILLONES POR D\u00cdA EN PUBLICIDAD.<\/h1>\n<h2>El desbalance presupuestal<\/h2>\n<p>S\u00ed, le\u00edste bien. Mientras nos dicen que no hay plata, el gobierno gasta una fortuna diaria en anuncios. Es indignante que, mientras nos \u201cllenamos la boca\u201d hablando de salud mental, la inversi\u00f3n real sea cada vez menor.<\/p>\n<h2>Impacto en comerciantes y emprendedores<\/h2>\n<p>No puedo avalar un modelo que derrocha miles de millones en propaganda pol\u00edtica mientras nuestros comerciantes y emprendedores no saben si llegan a fin de mes y donde se invierte cada vez menos en salud mental de nuestra gente.<\/p>\n<h3>\u270b Basta de gastar en imagen lo que falta en gesti\u00f3n.<\/h3>\n","protected":false},"excerpt":{"rendered":"<p>\ud83d\udcb8 $122 MILLONES POR D\u00cdA EN PUBLICIDAD. El desbalance presupuestal S\u00ed, le\u00edste bien. Mientras nos<\/p>\n","protected":false},"author":1,"featured_media":4069,"comment_status":"","ping_status":"","sticky":false,"template":"","format":"standard","meta":{"footnotes":""},"categories":[14],"tags":[],"class_list":["post-4068","post","type-post","status-publish","format-standard","has-post-thumbnail","hentry","category-cultura-sociedad"],"_links":{"self":[{"href":"https:\/\/rafaeladigital.com\/noticias\/wp-json\/wp\/v2\/posts\/4068","targetHints":{"allow":["GET"]}}],"collection":[{"href":"https:\/\/rafaeladigital.com\/noticias\/wp-json\/wp\/v2\/posts"}],"about":[{"href":"https:\/\/rafaeladigital.com\/noticias\/wp-json\/wp\/v2\/types\/post"}],"author":[{"embeddable":true,"href":"https:\/\/rafaeladigital.com\/noticias\/wp-json\/wp\/v2\/users\/1"}],"replies":[{"embeddable":true,"href":"https:\/\/rafaeladigital.com\/noticias\/wp-json\/wp\/v2\/comments?post=4068"}],"version-history":[{"count":0,"href":"https:\/\/rafaeladigital.com\/noticias\/wp-json\/wp\/v2\/posts\/4068\/revisions"}],"wp:featuredmedia":[{"embeddable":true,"href":"https:\/\/rafaeladigital.com\/noticias\/wp-json\/wp\/v2\/media\/4069"}],"wp:attachment":[{"href":"https:\/\/rafaeladigital.com\/noticias\/wp-json\/wp\/v2\/media?parent=4068"}],"wp:term":[{"taxonomy":"category","embeddable":true,"href":"https:\/\/rafaeladigital.com\/noticias\/wp-json\/wp\/v2\/categories?post=4068"},{"taxonomy":"post_tag","embeddable":true,"href":"https:\/\/rafaeladigital.com\/noticias\/wp-json\/wp\/v2\/tags?post=4068"}],"curies":[{"name":"wp","href":"https:\/\/api.w.org\/{rel}","templated":true}]}}