{"id":4114,"date":"2026-01-27T10:48:13","date_gmt":"2026-01-27T13:48:13","guid":{"rendered":"https:\/\/rafaeladigital.com\/noticias\/pullaro-endurecer-regimen-penal-juvenil\/"},"modified":"2026-01-27T11:37:39","modified_gmt":"2026-01-27T14:37:39","slug":"pullaro-endurecer-regimen-penal-juvenil","status":"publish","type":"post","link":"https:\/\/rafaeladigital.com\/noticias\/pullaro-endurecer-regimen-penal-juvenil\/","title":{"rendered":"Pullaro arremete contra el \u00abgarantismo\u00bb y reclama endurecer el r\u00e9gimen penal juvenil: \u00abUn delito de mayor debe tener pena de mayor\u00bb"},"content":{"rendered":"<h1 id=\"pullaro-exige-endurecer-r\u00e9gimen-penal-juvenil-el-grito-de-mano-dura-tras-el-brutal-asesinato-de-jerem\u00edas-monz\u00f3n\">Pullaro exige endurecer r\u00e9gimen penal juvenil: el grito de \u00abmano dura\u00bb tras el brutal asesinato de Jerem\u00edas Monz\u00f3n<\/h1>\n<p>En medio de la profunda indignaci\u00f3n generada por el salvaje homicidio del adolescente Jerem\u00edas Monz\u00f3n en Santa Fe, el gobernador <strong>Maximiliano Pullaro<\/strong> ha elevado su voz para demandar una reforma radical del r\u00e9gimen penal juvenil. Respaldando la iniciativa del Gobierno nacional de incluir este tema en las sesiones extraordinarias del Congreso, Pullaro insiste en que <strong>los delitos graves cometidos por menores deben juzgarse con penas proporcionales a su gravedad<\/strong>, dejando atr\u00e1s el enfoque garantista que, seg\u00fan \u00e9l, ha debilitado la seguridad en Argentina.<\/p>\n<h2 id=\"el-crimen-que-sacudi\u00f3-santa-fe-la-tr\u00e1gica-historia-de-jerem\u00edas-monz\u00f3n\">El crimen que sacudi\u00f3 Santa Fe: la tr\u00e1gica historia de Jerem\u00edas Monz\u00f3n<\/h2>\n<p>El caso de <strong>Jerem\u00edas Monz\u00f3n<\/strong>, un joven de 15 a\u00f1os oriundo de Santo Tom\u00e9, ha conmocionado a toda la provincia de Santa Fe y trascendido fronteras. El 18 de diciembre de 2025, Jerem\u00edas viaj\u00f3 unos 300 kil\u00f3metros hasta la capital provincial, atra\u00eddo por una cita acordada a trav\u00e9s de <strong>Instagram<\/strong> con una adolescente de 16 a\u00f1os identificada como Milagros A. Lo que parec\u00eda un encuentro rom\u00e1ntico deriv\u00f3 en una emboscada mortal: el chico fue torturado y asesinado de <strong>23 pu\u00f1aladas<\/strong> con un cuchillo y un objeto met\u00e1lico similar a un destornillador, en un galp\u00f3n abandonado frente al estadio de Col\u00f3n, en el barrio Chalet.<\/p>\n<p>La autopsia revel\u00f3 la extrema crueldad del ataque, con lesiones cortopunzantes que evidencian ensa\u00f1amiento y alevos\u00eda. Los implicados principales son tres menores: la chica de 16 a\u00f1os, imputada por homicidio triplemente agravado por concurso premeditado, alevos\u00eda y ensa\u00f1amiento, y dos c\u00f3mplices de 14 y 15 a\u00f1os. Mientras Milagros permanece detenida en un instituto de menores en Rosario, los varones fueron restituidos a sus familias por ser considerados <strong>inimputables<\/strong> bajo la ley actual.<\/p>\n<p>El horror se amplific\u00f3 con la filtraci\u00f3n de un <strong>video<\/strong> que, presuntamente grabado por los asesinos, muestra las torturas infligidas a la v\u00edctima. Adem\u00e1s, la madre de la adolescente fue arrestada por posible rol como <strong>autora intelectual<\/strong> o colaboradora necesaria, y el medio hermano de uno de los menores se entreg\u00f3 tras amenazas en redes sociales contra un amigo de Jerem\u00edas que ped\u00eda justicia. Este caso no solo expone la violencia juvenil descontrolada, sino tambi\u00e9n c\u00f3mo las redes sociales facilitan trampas letales, convirtiendo plataformas como Instagram en herramientas de depredaci\u00f3n.<\/p>\n<h2 id=\"pullaro-rompe-el-silencio-el-que-las-hace-las-paga\">Pullaro rompe el silencio: \u00abEl que las hace, las paga\u00bb<\/h2>\n<p>Ante esta tragedia, <strong>Maximiliano Pullaro<\/strong>, exministro de Seguridad y actual gobernador de Santa Fe, no dud\u00f3 en posicionarse con firmeza. \u00abEstoy completamente de acuerdo con la reforma. Lo vengo planteando desde que fui ministro de Seguridad. Nosotros pensamos que <strong>el que comete un delito lo tiene que pagar<\/strong>\u00ab, declar\u00f3 el mandatario, aline\u00e1ndose expl\u00edcitamente con el anuncio del Gobierno de Javier Milei de incorporar la <strong>Ley Penal Juvenil<\/strong> al temario de sesiones extraordinarias mediante el Decreto 53\/2026.<\/p>\n<p>Pullaro no se limita a un apoyo gen\u00e9rico: propone un <strong>cambio de paradigma<\/strong> centrado en la naturaleza del delito, no solo en la edad del autor. \u00ab<strong>Un delito de mayor tiene que ser juzgado con una pena de mayor<\/strong>\u00ab, sentenci\u00f3, cuestionando la idea de que un menor de 14 a\u00f1os ignore la irreversibilidad de un homicidio. Esta postura no es improvisada; remite a su gesti\u00f3n anterior, tras el caso de Juan Cruz Ib\u00e1\u00f1ez, donde ya abogaba por endurecer las respuestas penales.<\/p>\n<p>El gobernador santafesino aprovech\u00f3 la coyuntura para lanzar una cr\u00edtica frontal al <strong>garantismo<\/strong>, doctrina que califica como \u00abideolog\u00eda que entiende que por una supuesta injusticia social, el delincuente no debe ir a la c\u00e1rcel o debe permanecer el menor tiempo posible\u00bb. Vincul\u00e1ndola directamente al kirchnerismo, Pullaro argumenta que este enfoque ha causado un \u00abprofundo deterioro en el tejido social argentino\u00bb, priorizando al delincuente como v\u00edctima del sistema en detrimento de la sociedad.<\/p>\n<h2 id=\"el-rol-de-las-organizaciones-criminales-menores-como-escudos-impunes\">El rol de las organizaciones criminales: menores como \u00abescudos\u00bb impunes<\/h2>\n<p>Uno de los puntos m\u00e1s alarmantes en el an\u00e1lisis de Pullaro es la <strong>explotaci\u00f3n de menores por bandas delictivas<\/strong>. \u00abHay estructuras delictivas que se cubren para que los delitos los cometa un menor\u00bb, advirti\u00f3, describiendo c\u00f3mo las organizaciones complejas utilizan a adolescentes como <strong>mano de obra fungible<\/strong>, amparados en la inimputabilidad para evadir penas adultas. En el caso Monz\u00f3n, aunque no se ha probado vinculaci\u00f3n con mafias mayores, el patr\u00f3n de violencia extrema \u2013filmada y planificada\u2013 ilustra esta problem\u00e1tica creciente en Santa Fe, epicentro de conflictos narco.<\/p>\n<p>Esta din\u00e1mica operativa hace que la normativa actual sea \u00abobsoleta frente a la realidad criminal contempor\u00e1nea\u00bb. Pullaro urge adaptar la legislaci\u00f3n a \u00ablos tiempos que corren\u00bb, exigiendo que actos de <strong>extrema violencia<\/strong> \u2013como homicidios con torturas\u2013 tengan respuestas punitivas acordes, sin atenuantes basados exclusivamente en la edad. \u00abLos menores que cometen delitos de extrema violencia deben responder por esos hechos en funci\u00f3n del delito cometido y no \u00fanicamente de su edad\u00bb, enfatiz\u00f3.<\/p>\n<h2 id=\"contexto-nacional-la-reforma-penal-juvenil-en-el-congreso\">Contexto nacional: la reforma penal juvenil en el Congreso<\/h2>\n<p>El respaldo de Pullaro llega en un momento clave. El Gobierno nacional, liderado por Javier Milei, oficializ\u00f3 la inclusi\u00f3n de la <strong>Ley Penal Juvenil<\/strong> en sesiones extraordinarias, abriendo un debate estructural sobre la <strong>edad de imputabilidad<\/strong> \u2013actualmente fijada en 16 a\u00f1os para responsabilidad penal plena\u2013. Esta iniciativa busca conquistar voluntades opositoras para bajar ese umbral en casos graves, aline\u00e1ndose con demandas provinciales como la de Santa Fe.<\/p>\n<p>El debate trasciende lo etario: se trata de equilibrar protecci\u00f3n infantil con justicia restaurativa. Cr\u00edticos del garantismo argumentan que la impunidad fomenta la reincidencia; defensores advierten riesgos de judicializaci\u00f3n prematura de menores vulnerables. Pullaro, con su experiencia en seguridad, inclina la balanza hacia la primera opci\u00f3n, insistiendo en que \u00abes una norma que la Provincia de Santa Fe y la Rep\u00fablica Argentina necesitan\u00bb.<\/p>\n<h2 id=\"implicancias-sociales-\u00bfhacia-una-mano-dura-sostenible\">Implicancias sociales: \u00bfhacia una \u00abmano dura\u00bb sostenible?<\/h2>\n<p>El pronunciamiento de Pullaro genera un dilema \u00e9tico y pol\u00edtico profundo. Por un lado, casos como el de Jerem\u00edas \u2013con torturas filmadas y amenazas posteriores\u2013 alimentan la bronca social y claman por justicia inmediata. La restituciones de los menores a sus hogares, pese a la gravedad, ejemplifica las grietas del sistema actual, donde la no punibilidad choca con la percepci\u00f3n ciudadana de impunidad.<\/p>\n<p>Por otro, endurecer el r\u00e9gimen plantea desaf\u00edos: \u00bfc\u00f3mo garantizar rehabilitaci\u00f3n sin estigmatizar? Pullaro responde enfoc\u00e1ndose en la <strong>gravedad del acto<\/strong>, no en la edad, promoviendo penas diferenciadas que preserven el principio de progresividad. Su visi\u00f3n resuena en provincias con alta conflictividad delictiva, donde la delincuencia juvenil ha escalado, vinculada a narco, redes sociales y deserci\u00f3n educativa.<\/p>\n<p>En Santa Fe, esta postura se enmarca en una estrategia de seguridad integral impulsada por Pullaro desde su asunci\u00f3n: mayor presencia policial, inteligencia contra bandas y ahora, presi\u00f3n legislativa. El asesinato de Monz\u00f3n act\u00faa como catalizador, pero el gobernador advierte que el problema es sist\u00e9mico, requiriendo consenso nacional.<\/p>\n<h2 id=\"voces-del-entorno-y-avances-judiciales\">Voces del entorno y avances judiciales<\/h2>\n<p>La familia de Jerem\u00edas, representada por el abogado Bruno Rugna, denuncia no solo el crimen sino la viralizaci\u00f3n del video y amenazas recibidas. El fiscal Francisco Cecchini avanza en la pesquisa, peritando celulares secuestrados para esclarecer roles, especialmente el de la madre detenida. Mientras, el medio hermano de un implicado enfrenta cargos por intimidaciones en redes, sumando capas a esta trama de violencia interconectada.<\/p>\n<p>Estos elementos refuerzan el llamado de Pullaro: la sociedad argentina enfrenta una <strong>crisis de violencia juvenil<\/strong> que demanda respuestas audaces. Ignorarla perpet\u00faa ciclos de impunidad; reformarla, exige coraje pol\u00edtico.<\/p>\n<p>En resumen, el gobernador no solo exige <strong>mano dura<\/strong>, sino un replanteo profundo. Tras Monz\u00f3n, el Congreso tiene la pelota: \u00bfavanzar hacia penas proporcionales o mantener un status quo que, para muchos, protege a victimarios en lugar de v\u00edctimas?<\/p>\n<p>(Palabras: 1.478)<\/p>\n<p><strong>Tags: Pullaro, r\u00e9gimen penal juvenil, Jerem\u00edas Monz\u00f3n, Santa Fe, reforma ley penal, garantismo, edad imputabilidad, homicidio menores, Maximiliano Pullaro, sesiones extraordinarias Congreso.<\/strong><\/p>\n","protected":false},"excerpt":{"rendered":"<p>Pullaro exige endurecer r\u00e9gimen penal juvenil: el grito de \u00abmano dura\u00bb tras el brutal asesinato<\/p>\n","protected":false},"author":1,"featured_media":4113,"comment_status":"closed","ping_status":"closed","sticky":false,"template":"","format":"standard","meta":{"footnotes":""},"categories":[19],"tags":[92,126,46,86,274,47,107,91],"class_list":["post-4114","post","type-post","status-publish","format-standard","has-post-thumbnail","hentry","category-sociedad","tag-actc","tag-afa","tag-atletico-rafaela","tag-deporte","tag-formula1","tag-futbol","tag-nacional-b","tag-tc"],"_links":{"self":[{"href":"https:\/\/rafaeladigital.com\/noticias\/wp-json\/wp\/v2\/posts\/4114","targetHints":{"allow":["GET"]}}],"collection":[{"href":"https:\/\/rafaeladigital.com\/noticias\/wp-json\/wp\/v2\/posts"}],"about":[{"href":"https:\/\/rafaeladigital.com\/noticias\/wp-json\/wp\/v2\/types\/post"}],"author":[{"embeddable":true,"href":"https:\/\/rafaeladigital.com\/noticias\/wp-json\/wp\/v2\/users\/1"}],"replies":[{"embeddable":true,"href":"https:\/\/rafaeladigital.com\/noticias\/wp-json\/wp\/v2\/comments?post=4114"}],"version-history":[{"count":1,"href":"https:\/\/rafaeladigital.com\/noticias\/wp-json\/wp\/v2\/posts\/4114\/revisions"}],"predecessor-version":[{"id":4124,"href":"https:\/\/rafaeladigital.com\/noticias\/wp-json\/wp\/v2\/posts\/4114\/revisions\/4124"}],"wp:featuredmedia":[{"embeddable":true,"href":"https:\/\/rafaeladigital.com\/noticias\/wp-json\/wp\/v2\/media\/4113"}],"wp:attachment":[{"href":"https:\/\/rafaeladigital.com\/noticias\/wp-json\/wp\/v2\/media?parent=4114"}],"wp:term":[{"taxonomy":"category","embeddable":true,"href":"https:\/\/rafaeladigital.com\/noticias\/wp-json\/wp\/v2\/categories?post=4114"},{"taxonomy":"post_tag","embeddable":true,"href":"https:\/\/rafaeladigital.com\/noticias\/wp-json\/wp\/v2\/tags?post=4114"}],"curies":[{"name":"wp","href":"https:\/\/api.w.org\/{rel}","templated":true}]}}