{"id":4122,"date":"2026-01-27T11:30:12","date_gmt":"2026-01-27T14:30:12","guid":{"rendered":"https:\/\/rafaeladigital.com\/noticias\/rafaela-moderniza-ciudad-luces-led-sustentabilidad\/"},"modified":"2026-01-27T11:36:43","modified_gmt":"2026-01-27T14:36:43","slug":"rafaela-moderniza-ciudad-luces-led-sustentabilidad","status":"publish","type":"post","link":"https:\/\/rafaeladigital.com\/noticias\/rafaela-moderniza-ciudad-luces-led-sustentabilidad\/","title":{"rendered":"\u00abEl salto tecnol\u00f3gico de Rafaela: Se consolidan las 3.800 luces LED en el plan de renovaci\u00f3n urbana m\u00e1s vasto de los \u00faltimos a\u00f1os\u00bb"},"content":{"rendered":"<h1 id=\"rafaela-moderniza-la-ciudad-con-3800-luces-led-un-compromiso-con-la-sustentabilidad\">Rafaela Moderniza la Ciudad con 3.800 Luces LED: Un Compromiso con la Sustentabilidad<\/h1>\n<p>Durante el a\u00f1o 2025, el Gobierno municipal de Rafaela ejecut\u00f3 el <strong>Plan de Recambio a Iluminaci\u00f3n LED<\/strong>, alcanzando la instalaci\u00f3n de m\u00e1s de 3.800 nuevas luminarias en corredores estrat\u00e9gicos y espacios p\u00fablicos de la ciudad. Este ambicioso proyecto representa uno de los procesos de modernizaci\u00f3n del alumbrado p\u00fablico m\u00e1s significativos de los \u00faltimos a\u00f1os, consolidando el compromiso municipal con la eficiencia energ\u00e9tica y la mejora de la calidad de vida de los rafaelinos.<\/p>\n<h2 id=\"un-objetivo-claro-cobertura-led-al-100-en-2027\">Un Objetivo Claro: Cobertura LED al 100% en 2027<\/h2>\n<p>El objetivo final del plan municipal es alcanzar el <strong>100% de cobertura LED en el alumbrado p\u00fablico para el a\u00f1o 2027<\/strong>. A un ritmo sostenido y gracias al aporte del Gobierno de la provincia de Santa Fe a trav\u00e9s de distintos programas, la ciudad avanza de manera ordenada hacia la modernizaci\u00f3n integral de su infraestructura lum\u00ednica. El secretario de Infraestructura, Servicios y Ambiente, Nicol\u00e1s Asensio, manifest\u00f3: \u00abEstamos consolidando uno de los procesos de modernizaci\u00f3n del alumbrado p\u00fablico m\u00e1s significativos de los \u00faltimos a\u00f1os\u00bb. Asimismo, se\u00f1al\u00f3 que \u00abasumimos este compromiso con la ciudad y lo estamos cumpliendo\u00bb.<\/p>\n<h2 id=\"metodolog\u00eda-de-implementaci\u00f3n-de-lo-principal-a-lo-secundario\">Metodolog\u00eda de Implementaci\u00f3n: De lo Principal a lo Secundario<\/h2>\n<p>La obra se desarrolla desde las arterias principales hacia las calles secundarias y de menor tr\u00e1nsito de los diferentes barrios, garantizando una cobertura integral y equitativa. Este enfoque estrat\u00e9gico permite priorizar las zonas de mayor necesidad mientras se avanza de manera sistem\u00e1tica por toda la ciudad. Tambi\u00e9n est\u00e1n incluidos en este plan espacios p\u00fablicos y ciclov\u00edas, reconociendo la importancia de la iluminaci\u00f3n en todas las \u00e1reas de circulaci\u00f3n ciudadana.<\/p>\n<p>Seg\u00fan Asensio, el equipo trabaja \u00abtodas las noches para avanzar r\u00e1pido y de manera ordenada, priorizando avenidas y zonas de mayor necesidad. Vamos a seguir barrio por barrio, atendiendo a lo que cada uno necesita\u00bb.<\/p>\n<h2 id=\"arterias-principales-intervenidas\">Arterias Principales Intervenidas<\/h2>\n<p>A lo largo del a\u00f1o 2025, se realizaron trabajos en los principales corredores de la ciudad. Los bulevares <strong>Hip\u00f3lito Yrigoyen, Julio A. Roca y Guillermo Lehmann<\/strong> fueron completamente modernizados, al igual que las avenidas <strong>Arist\u00f3bulo del Valle, Italia, Manera y Corti, Roque S\u00e1enz Pe\u00f1a, D&#8217;Agostino, Marchini, Vieytes, Vecchioli, Artigas, Paula Albarrac\u00edn, Espa\u00f1a, Los \u00c1lamos, Arturo Illia, 4 de Enero y Gabriel Maggi<\/strong>, entre otras.<\/p>\n<p>Estas intervenciones abarcan las zonas de mayor tr\u00e1nsito vehicular y peatonal, mejorando significativamente la visibilidad y la seguridad en los corredores m\u00e1s utilizados de la ciudad.<\/p>\n<h2 id=\"plazas-y-espacios-verdes-renovados\">Plazas y Espacios Verdes Renovados<\/h2>\n<p>Los espacios p\u00fablicos tambi\u00e9n fueron prioritarios en esta modernizaci\u00f3n. Se intervinieron plazas emblem\u00e1ticas como la <strong>Plaza \u00abRodolfo B. Muriel\u00bb, Plaza \u00abDomingo F. Sarmiento\u00bb, Plaza \u00abCura Normando Corti\u00bb, Plaza 9 de Julio, Plaza 1\u00b0 de Mayo, Plaza de la Democracia, Plaza \u00abMario Vecchioli\u00bb, Plaza de la Bandera, Placita Honda, Plaza \u00abElda Massoni\u00bb y Plaza Sargento Cabral<\/strong>.<\/p>\n<p>Es importante destacar que en cada uno de estos lugares, el recambio de luminarias se extendi\u00f3 a las calles aleda\u00f1as que no contaban con esta tecnolog\u00eda, ampliando as\u00ed el \u00e1rea de cobertura y mejorando la conectividad lum\u00ednica entre espacios p\u00fablicos y v\u00edas de circulaci\u00f3n.<\/p>\n<h2 id=\"seguridad-en-instituciones-educativas\">Seguridad en Instituciones Educativas<\/h2>\n<p>Las instituciones educativas fueron parte fundamental de este plan de modernizaci\u00f3n. Se complet\u00f3 el recambio de luminarias en el <strong>Instituto Superior del Profesorado N\u00b02 \u00abDr. Joaqu\u00edn V. Gonz\u00e1lez\u00bb<\/strong>, la <strong>Escuela N\u00b0460 \u00abGuillermo Lehmann\u00bb<\/strong>, la <strong>Escuela N\u00b0429 \u00abMario R. Vecchioli\u00bb<\/strong> y la <strong>Escuela N\u00b0476 \u00abJuan Bautista Alberbi\u00bb<\/strong>, priorizando la seguridad de cada uno de los establecimientos y sus accesos.<\/p>\n<p>Esta iniciativa reconoce que la iluminaci\u00f3n adecuada en centros educativos es esencial para garantizar la seguridad de estudiantes y personal durante las horas de transici\u00f3n entre d\u00eda y noche.<\/p>\n<h2 id=\"beneficios-m\u00faltiples-para-la-comunidad\">Beneficios M\u00faltiples para la Comunidad<\/h2>\n<p>El recambio de luminarias por tecnolog\u00eda LED aporta diversos beneficios tangibles a la calidad de vida de los rafaelinos. En primer lugar, <strong>mejora la visibilidad en calles, plazas y espacios comunes<\/strong>, permitiendo una circulaci\u00f3n m\u00e1s segura y confortable durante las horas nocturnas.<\/p>\n<p>En segundo lugar, <strong>contribuye a la prevenci\u00f3n del delito<\/strong> al iluminar adequadamente espacios p\u00fablicos, reduciendo as\u00ed las zonas oscuras que pueden ser potenciales focos de inseguridad. Estudios vinculados a infraestructura urbana han demostrado que la iluminaci\u00f3n adequada es un factor importante en la percepci\u00f3n de seguridad ciudadana.<\/p>\n<p>Adem\u00e1s, esta modernizaci\u00f3n <strong>reduce significativamente el consumo energ\u00e9tico y los costos de mantenimiento<\/strong> de la municipalidad. La tecnolog\u00eda LED consume entre 40% y 80% menos energ\u00eda que las luminarias tradicionales de sodio, representando un ahorro importante en las finanzas municipales que pueden reinvertirse en otros servicios.<\/p>\n<p>Finalmente, el proyecto <strong>promueve una ciudad m\u00e1s sustentable, eficiente y moderna<\/strong>, aline\u00e1ndose con objetivos globales de desarrollo sostenible y eficiencia energ\u00e9tica municipal.<\/p>\n<h2 id=\"continuidad-del-proceso\">Continuidad del Proceso<\/h2>\n<p>El plan de modernizaci\u00f3n contin\u00faa en marcha. En fases posteriores, se colocar\u00e1n nuevas luminarias LED en sectores estrat\u00e9gicos de la ciudad, con el objetivo de mejorar la seguridad y modernizar \u00e1reas a\u00fan no intervenidas.<\/p>\n<p>La ejecuci\u00f3n de este ambicioso plan demuestra el compromiso del Gobierno municipal con la mejora continua de la infraestructura urbana y la calidad de vida de los ciudadanos. Con una meta clara al 2027, Rafaela avanza hacia una ciudad completamente iluminada con tecnolog\u00eda LED, m\u00e1s segura, eficiente y sustentable.<\/p>\n<hr>\n<p><strong>Palabras clave:<\/strong> luminarias LED Rafaela, alumbrado p\u00fablico moderno, eficiencia energ\u00e9tica municipal, iluminaci\u00f3n urbana sustentable, modernizaci\u00f3n infraestructura ciudad, seguridad ciudadana iluminaci\u00f3n, recambio LED 2025, plan alumbrado p\u00fablico, ciudad sustentable, infraestructura eficiente.<\/p>\n","protected":false},"excerpt":{"rendered":"<p>Rafaela Moderniza la Ciudad con 3.800 Luces LED: Un Compromiso con la Sustentabilidad Durante el<\/p>\n","protected":false},"author":1,"featured_media":4121,"comment_status":"closed","ping_status":"closed","sticky":false,"template":"","format":"standard","meta":{"footnotes":""},"categories":[19],"tags":[92,126,46,86,274,47,107,91],"class_list":["post-4122","post","type-post","status-publish","format-standard","has-post-thumbnail","hentry","category-sociedad","tag-actc","tag-afa","tag-atletico-rafaela","tag-deporte","tag-formula1","tag-futbol","tag-nacional-b","tag-tc"],"_links":{"self":[{"href":"https:\/\/rafaeladigital.com\/noticias\/wp-json\/wp\/v2\/posts\/4122","targetHints":{"allow":["GET"]}}],"collection":[{"href":"https:\/\/rafaeladigital.com\/noticias\/wp-json\/wp\/v2\/posts"}],"about":[{"href":"https:\/\/rafaeladigital.com\/noticias\/wp-json\/wp\/v2\/types\/post"}],"author":[{"embeddable":true,"href":"https:\/\/rafaeladigital.com\/noticias\/wp-json\/wp\/v2\/users\/1"}],"replies":[{"embeddable":true,"href":"https:\/\/rafaeladigital.com\/noticias\/wp-json\/wp\/v2\/comments?post=4122"}],"version-history":[{"count":1,"href":"https:\/\/rafaeladigital.com\/noticias\/wp-json\/wp\/v2\/posts\/4122\/revisions"}],"predecessor-version":[{"id":4123,"href":"https:\/\/rafaeladigital.com\/noticias\/wp-json\/wp\/v2\/posts\/4122\/revisions\/4123"}],"wp:featuredmedia":[{"embeddable":true,"href":"https:\/\/rafaeladigital.com\/noticias\/wp-json\/wp\/v2\/media\/4121"}],"wp:attachment":[{"href":"https:\/\/rafaeladigital.com\/noticias\/wp-json\/wp\/v2\/media?parent=4122"}],"wp:term":[{"taxonomy":"category","embeddable":true,"href":"https:\/\/rafaeladigital.com\/noticias\/wp-json\/wp\/v2\/categories?post=4122"},{"taxonomy":"post_tag","embeddable":true,"href":"https:\/\/rafaeladigital.com\/noticias\/wp-json\/wp\/v2\/tags?post=4122"}],"curies":[{"name":"wp","href":"https:\/\/api.w.org\/{rel}","templated":true}]}}