{"id":4127,"date":"2026-01-29T13:24:44","date_gmt":"2026-01-29T16:24:44","guid":{"rendered":"https:\/\/rafaeladigital.com\/noticias\/atletico-rafaela-firma-nuevos-profesionales\/"},"modified":"2026-01-29T13:24:44","modified_gmt":"2026-01-29T16:24:44","slug":"atletico-rafaela-firma-nuevos-profesionales","status":"publish","type":"post","link":"https:\/\/rafaeladigital.com\/noticias\/atletico-rafaela-firma-nuevos-profesionales\/","title":{"rendered":"Tres firmas, una misma ilusi\u00f3n: los nuevos profesionales de Atl\u00e9tico Rafaela."},"content":{"rendered":"<h1 id=\"atl\u00e9tico-rafaela-firm\u00f3-a-tres-nuevos-profesionales-claves\">Atl\u00e9tico Rafaela firm\u00f3 a tres nuevos profesionales claves<\/h1>\n<p>Atl\u00e9tico de Rafaela avanz\u00f3 en la definici\u00f3n de su plantel profesional al confirmar la firma de los primeros contratos profesionales para tres juveniles talentosos provenientes de sus divisiones inferiores. Este movimiento se concret\u00f3 este mi\u00e9rcoles y representa un hito en el proyecto deportivo del club de cara a la nueva temporada.<\/p>\n<h2 id=\"tres-juveniles-dan-el-salto-al-profesionalismo-en-la-crema\">Tres juveniles dan el salto al profesionalismo en la Crema<\/h2>\n<p>La instituci\u00f3n rafaelina dio un paso clave en su estructura futbol\u00edstica al incorporar oficialmente a tres jugadores j\u00f3venes que ahora forman parte del plantel profesional. M\u00e1ximo Spesso, Joel Bonifacio e Ignacio Minighini rubricaron sus primeros v\u00ednculos como profesionales, consolidando su presencia en el equipo mayor de la \u00abCrema\u00bb.<\/p>\n<p>Estos futbolistas, nacidos en 2005, han sido destacados en las categor\u00edas inferiores del club y reciben ahora la oportunidad de integrarse a la din\u00e1mica del primer equipo. Esta decisi\u00f3n refleja el compromiso de Atl\u00e9tico de Rafaela con el desarrollo de su semillero, promoviendo talentos locales hacia el nivel superior.<\/p>\n<h2 id=\"perfiles-de-los-nuevos-profesionales-m\u00e1ximo-spesso-joel-bonifacio-e-ignacio-minighini\">Perfiles de los nuevos profesionales: M\u00e1ximo Spesso, Joel Bonifacio e Ignacio Minighini<\/h2>\n<h3 id=\"m\u00e1ximo-spesso-el-guardameta-con-proyecci\u00f3n\">M\u00e1ximo Spesso: el guardameta con proyecci\u00f3n<\/h3>\n<p>M\u00e1ximo Spesso ocupa la posici\u00f3n de arquero y naci\u00f3 en San Crist\u00f3bal, Santa Fe, el 13 de mayo de 2005. Es considerado uno de los proyectos principales del club para el arco, donde se espera que evolucione bajo la estructura profesional de Atl\u00e9tico de Rafaela.<\/p>\n<p>Su trayectoria en las divisiones juveniles lo posiciona como una promesa para el puesto bajo los tres palos, aportando seguridad y potencial a la porter\u00eda de la Crema en la venidera competencia.<\/p>\n<h3 id=\"joel-bonifacio-el-delantero-letal-del-\u00e1rea\">Joel Bonifacio: el delantero letal del \u00e1rea<\/h3>\n<p>Joel Bonifacio se desempe\u00f1a como delantero y es oriundo de Rafaela, nacido el 9 de enero de 2005. Se destaca por su capacidad ofensiva dentro del \u00e1rea rival, convirti\u00e9ndose en una opci\u00f3n de gol interesante para el ataque del plantel profesional.<\/p>\n<p>Nacido en la ciudad sede del club, Bonifacio representa el fruto del trabajo en las inferiores y suma ahora experiencia profesional a su olfato goleador.<\/p>\n<h3 id=\"ignacio-minighini-el-mediocampista-din\u00e1mico\">Ignacio Minighini: el mediocampista din\u00e1mico<\/h3>\n<p>Ignacio Minighini act\u00faa como mediocampista, nacido en Rafaela el 30 de julio de 2005. Se caracteriza por su din\u00e1mica en el campo y visi\u00f3n de juego, cualidades que lo hacen valioso para el medio campo de Atl\u00e9tico de Rafaela.<\/p>\n<p>Con 20 a\u00f1os de edad, Minighini ya integra perfiles destacados en el f\u00fatbol de ascenso y se promociona activamente por el entrenador Iv\u00e1n Ju\u00e1rez en el equipo mayor.<\/p>\n<p>Estos tres incorporaciones fortalecen la base juvenil del plantel, aline\u00e1ndose con la pretemporada 2025 donde jugadores como Minighini aparecen listados en formaciones del club.<\/p>\n<h2 id=\"salidas-confirmadas-cinco-jugadores-rescinden-sus-v\u00ednculos\">Salidas confirmadas: cinco jugadores rescinden sus v\u00ednculos<\/h2>\n<p>En paralelo a las llegadas, Atl\u00e9tico de Rafaela oficializ\u00f3 la desvinculaci\u00f3n de cinco futbolistas que ya no formar\u00e1n parte del plantel profesional. Las salidas incluyen a Agust\u00edn Bianciotti, Alexandro Ponce, Agust\u00edn Grinovero, Francesco Toldo y Lisandro Merlino.<\/p>\n<h3 id=\"detalles-de-las-desvinculaciones\">Detalles de las desvinculaciones<\/h3>\n<ul>\n<li>\n<p><strong>Agust\u00edn Bianciotti<\/strong>, delantero, jug\u00f3 el a\u00f1o pasado en Central Norte de Salta en la Primera Nacional.<\/p>\n<\/li>\n<li>\n<p><strong>Alexandro Ponce<\/strong>, defensor, se sum\u00f3 oficialmente a Defensores de Villa Ramallo, equipo del Federal A.<\/p>\n<\/li>\n<li>\n<p><strong>Agust\u00edn Grinovero<\/strong>, arquero, defendi\u00f3 los colores de San Mart\u00edn de Mendoza en el Federal A durante la temporada anterior.<\/p>\n<\/li>\n<li>\n<p><strong>Francesco Toldo<\/strong>, delantero, regresaba de un pr\u00e9stamo en San Telmo, donde disput\u00f3 la Primera Nacional.<\/p>\n<\/li>\n<li>\n<p><strong>Lisandro Merlino<\/strong>, volante, particip\u00f3 en partidos de las divisiones inferiores de AFA y del plantel de Liga Rafaelina.<\/p>\n<\/li>\n<\/ul>\n<p>El club expres\u00f3 agradecimiento a estos jugadores por su paso por la instituci\u00f3n, cerrando as\u00ed un cap\u00edtulo en la reestructuraci\u00f3n del equipo.<\/p>\n<h2 id=\"contexto-del-plantel-de-atl\u00e9tico-de-rafaela-para-la-nueva-temporada\">Contexto del plantel de Atl\u00e9tico de Rafaela para la nueva temporada<\/h2>\n<p>Estas movimentaciones se enmarcan en la definici\u00f3n del plantel de Atl\u00e9tico de Rafaela de cara al inicio del torneo oficial. El club, conocido como la \u00abCrema\u00bb, avanza en su preparaci\u00f3n con \u00e9nfasis en el recambio generacional y la promoci\u00f3n interna.<\/p>\n<p>La firma de estos contratos profesionales para Spesso, Bonifacio y Minighini subraya la importancia del semillero rafaelino, que ha producido talentos evaluados por clubes de mayor jerarqu\u00eda, como en casos recientes de juveniles cedidos a equipos como Independiente o Boca Unidos.<\/p>\n<p>Adem\u00e1s, el entrenador Iv\u00e1n Ju\u00e1rez ya promueve a estos j\u00f3venes en sus convocatorias, integr\u00e1ndolos a la estructura principal junto a otros nombres como Ian Ostertag y Nicol\u00e1s Varela en roles ofensivos.<\/p>\n<h2 id=\"importancia-estrat\u00e9gica-para-atl\u00e9tico-de-rafaela\">Importancia estrat\u00e9gica para Atl\u00e9tico de Rafaela<\/h2>\n<p>La combinaci\u00f3n de salidas experimentadas y entradas juveniles optimiza el plantel para la competencia venidera. Atl\u00e9tico de Rafaela, con historia en categor\u00edas como la Primera Nacional, mantiene su enfoque en el desarrollo local, donde jugadores nacidos en Rafaela como Bonifacio y Minighini simbolizan la identidad del club.<\/p>\n<p>Este mi\u00e9rcoles marc\u00f3 un d\u00eda clave, con los tres contratos sellados y las cinco rescisiones anunciadas a trav\u00e9s del \u00e1rea de prensa institucional. La \u00abCrema\u00bb se alista as\u00ed para la pretemporada 2025, consolidando su estructura futbol\u00edstica.<\/p>\n<p>El ascenso reciente a la Primera Nacional refuerza el contexto positivo, donde el semillero sigue siendo pilar fundamental. Jugadores como estos tres nuevos profesionales aportar\u00e1n frescura y proyecci\u00f3n al equipo.<\/p>\n<h2 id=\"el-semillero-como-base-del-proyecto-crema\">El semillero como base del proyecto crema<\/h2>\n<p>Atl\u00e9tico de Rafaela ha demostrado \u00e9xito en sus divisiones inferiores, con campeonatos en categor\u00edas como Cuarta y S\u00e9ptima Divisi\u00f3n ante rivales como San Mart\u00edn de San Juan. Convocatorias a selecciones del ascenso para otros juveniles, como Ulises Leguizam\u00f3n, Yutiel Lizarraga y Salvador Albertengo, resaltan la calidad del vivero.<\/p>\n<p>En este marco, la firma de Spesso, Bonifacio y Minighini no es aislada, sino parte de una pol\u00edtica continua de promoci\u00f3n interna que fortalece el plantel profesional.<\/p>\n<p>Tags: Atl\u00e9tico Rafaela, juveniles profesionales, M\u00e1ximo Spesso, Joel Bonifacio, Ignacio Minighini, primer contrato, plantel Crema, divisiones inferiores, rescisiones jugadores, pretemporada 2025.<\/p>\n","protected":false},"excerpt":{"rendered":"<p>Atl\u00e9tico Rafaela firm\u00f3 a tres nuevos profesionales claves Atl\u00e9tico de Rafaela avanz\u00f3 en la definici\u00f3n<\/p>\n","protected":false},"author":1,"featured_media":4126,"comment_status":"","ping_status":"","sticky":false,"template":"","format":"standard","meta":{"footnotes":""},"categories":[13],"tags":[92,126,46,86,274,47,107,91],"class_list":["post-4127","post","type-post","status-publish","format-standard","has-post-thumbnail","hentry","category-deporte","tag-actc","tag-afa","tag-atletico-rafaela","tag-deporte","tag-formula1","tag-futbol","tag-nacional-b","tag-tc"],"_links":{"self":[{"href":"https:\/\/rafaeladigital.com\/noticias\/wp-json\/wp\/v2\/posts\/4127","targetHints":{"allow":["GET"]}}],"collection":[{"href":"https:\/\/rafaeladigital.com\/noticias\/wp-json\/wp\/v2\/posts"}],"about":[{"href":"https:\/\/rafaeladigital.com\/noticias\/wp-json\/wp\/v2\/types\/post"}],"author":[{"embeddable":true,"href":"https:\/\/rafaeladigital.com\/noticias\/wp-json\/wp\/v2\/users\/1"}],"replies":[{"embeddable":true,"href":"https:\/\/rafaeladigital.com\/noticias\/wp-json\/wp\/v2\/comments?post=4127"}],"version-history":[{"count":0,"href":"https:\/\/rafaeladigital.com\/noticias\/wp-json\/wp\/v2\/posts\/4127\/revisions"}],"wp:featuredmedia":[{"embeddable":true,"href":"https:\/\/rafaeladigital.com\/noticias\/wp-json\/wp\/v2\/media\/4126"}],"wp:attachment":[{"href":"https:\/\/rafaeladigital.com\/noticias\/wp-json\/wp\/v2\/media?parent=4127"}],"wp:term":[{"taxonomy":"category","embeddable":true,"href":"https:\/\/rafaeladigital.com\/noticias\/wp-json\/wp\/v2\/categories?post=4127"},{"taxonomy":"post_tag","embeddable":true,"href":"https:\/\/rafaeladigital.com\/noticias\/wp-json\/wp\/v2\/tags?post=4127"}],"curies":[{"name":"wp","href":"https:\/\/api.w.org\/{rel}","templated":true}]}}