{"id":4133,"date":"2026-01-29T20:07:21","date_gmt":"2026-01-29T23:07:21","guid":{"rendered":"https:\/\/rafaeladigital.com\/noticias\/gran-noche-cumbia-rafaela\/"},"modified":"2026-01-29T20:07:21","modified_gmt":"2026-01-29T23:07:21","slug":"gran-noche-cumbia-rafaela","status":"publish","type":"post","link":"https:\/\/rafaeladigital.com\/noticias\/gran-noche-cumbia-rafaela\/","title":{"rendered":"S\u00e1bado: Noche de Cumbia en Rafaela"},"content":{"rendered":"<h1 id=\"gran-noche-de-cumbia-en-rafaela-s\u00e1bado-imperdible\">Gran noche de cumbia en Rafaela: s\u00e1bado imperdible<\/h1>\n<p>Rafaela se prepara para una <strong>noche de cumbia inolvidable<\/strong> este s\u00e1bado 31 de enero, marcando el arranque de <strong>Verano Juntos 2026<\/strong>. El evento, organizado por la <strong>Secretar\u00eda de Cultura y Educaci\u00f3n del municipio<\/strong>, se realizar\u00e1 desde las 20:30 en el <strong>Anfiteatro Alfredo Williner<\/strong>, con entrada libre y gratuita.<\/p>\n<h2 id=\"el-inicio-vibrante-de-verano-juntos-2026\">El inicio vibrante de Verano Juntos 2026<\/h2>\n<p><strong>Verano Juntos 2026<\/strong> desplegar\u00e1 una programaci\u00f3n extensa desde el 31 de enero hasta el 1 de marzo, cubriendo cinco fines de semana consecutivos con actividades para p\u00fablicos diversos en varios espacios de la ciudad. La apertura ser\u00e1 una <strong>Noche de Cumbia<\/strong> que promete llenar el anfiteatro de ritmo y baile, ideal para disfrutar en familia al aire libre.<\/p>\n<p>Desde las 21:00, el escenario principal acoger\u00e1 las presentaciones de <strong>Ponele Cumbia<\/strong>, <strong>Los Aut\u00e9nticos<\/strong> y <strong>Cumbia Brava<\/strong>, acompa\u00f1ados por las academias de baile <strong>Swing y Sabor<\/strong>, <strong>Baile y Alma<\/strong>, <strong>Chelo P\u00e9rez<\/strong>, <strong>Look Me<\/strong> y <strong>Paso a Paso<\/strong>. Habr\u00e1 servicio de cantina disponible para todos los asistentes. En caso de mal tiempo, la actividad se mudar\u00e1 al <strong>Centro Recreativo Metropolitano<\/strong>.<\/p>\n<p>Esta propuesta no solo celebra la <strong>cumbia santafesina<\/strong>, un g\u00e9nero arraigado en la identidad local, sino que tambi\u00e9n invita a la participaci\u00f3n activa con las academias, creando un ambiente festivo y bailable desde el primer momento del verano cultural rafaelino.<\/p>\n<h2 id=\"la-programaci\u00f3n-completa-de-verano-juntos\">La programaci\u00f3n completa de Verano Juntos<\/h2>\n<p>La grilla de <strong>Verano Juntos 2026<\/strong> ofrece una variedad de ciclos y eventos pensados para todas las edades. Incluye los <strong>Recitales de Verano<\/strong>, el consolidado <strong>Rock sin R\u00edo<\/strong> y <strong>Escenas de Verano<\/strong>, que traen m\u00fasica y teatro al aire libre. Adem\u00e1s, destaca <strong>Aventuras en el Bosquecito<\/strong>, una iniciativa dirigida a las infancias y organizada por el <strong>Instituto Municipal para el Desarrollo Sustentable<\/strong>.<\/p>\n<p>No faltar\u00e1 una nueva edici\u00f3n de los <strong>Carnavales Rafaelinos<\/strong>, desarrollados en colaboraci\u00f3n con el <strong>Club Ferrocarril del Estado<\/strong>, prometiendo desfiles y celebraciones tradicionales. Esta diversidad asegura encuentros culturales en distintos puntos de Rafaela, fomentando la participaci\u00f3n comunitaria durante todo el per\u00edodo.<\/p>\n<h3 id=\"el-primer-fin-de-semana-en-detalle\">El primer fin de semana en detalle<\/h3>\n<p>El s\u00e1bado 31 de enero abre con la <strong>Noche de Cumbia<\/strong>, pero la agenda contin\u00faa el domingo 1 de febrero desde las 18:00 con <strong>Aventuras en el Metro<\/strong>, tambi\u00e9n en el <strong>Centro Recreativo Metropolitano<\/strong>. Esta actividad forma parte de la <strong>Semana de la Educaci\u00f3n Ambiental<\/strong> y contar\u00e1 con una <strong>Feria desde el Origen<\/strong> que re\u00fane a m\u00e1s de 10 productores sustentables, junto a recorridos interactivos y propuestas art\u00edsticas.<\/p>\n<p>Entre las atracciones destacan la presentaci\u00f3n de <strong>Ana Luz Gassa<\/strong> con \u201c<strong>Esterlicia y compa\u00f1\u00eda<\/strong>\u201d, un espect\u00e1culo de t\u00edteres, m\u00fasica en vivo y humor; y el <strong>Astudillo Abratte Duo<\/strong> con m\u00fasica folcl\u00f3rica. Si el clima no acompa\u00f1a, el evento se reprogramar\u00e1.<\/p>\n<h2 id=\"conociendo-a-las-bandas-protagonistas\">Conociendo a las bandas protagonistas<\/h2>\n<h3 id=\"cumbia-brava-la-esencia-tropical-rafaelina\">Cumbia Brava: la esencia tropical rafaelina<\/h3>\n<p><strong>Cumbia Brava<\/strong> se form\u00f3 en marzo de 2025, consolidando una trayectoria ligada a la escena tropical de Rafaela. Sus ra\u00edces datan de 2011, cuando surgi\u00f3 como <strong>La Brava<\/strong>, evolucionando con cambios de integrantes y proyectos paralelos como <strong>La Classika<\/strong>.<\/p>\n<p>Hoy, el grupo re\u00fane a m\u00fasicos originales junto a nuevos talentos, todos referentes de la movida local. Ofrecen un show s\u00f3lido, festivo y con marcada identidad rafaelina, sintetizando a\u00f1os de experiencia en la <strong>cumbia santafesina<\/strong>.<\/p>\n<h3 id=\"los-aut\u00e9nticos-de-rafaela-pulso-popular-y-energ\u00eda\">Los Aut\u00e9nticos de Rafaela: pulso popular y energ\u00eda<\/h3>\n<p><strong>Los Aut\u00e9nticos de Rafaela<\/strong> naci\u00f3 en 2011 de un grupo de amigos que exploraron diversos estilos hasta definir su sonido en la <strong>cumbia santafesina<\/strong>. La banda cuenta con una formaci\u00f3n de diez m\u00fasicos y colaboradores: <strong>Gustavo Mart\u00ednez<\/strong> en timbales, <strong>Fabi\u00e1n R\u00edos<\/strong> en congas, <strong>H\u00e9ctor Orellana<\/strong> en bong\u00f3 y campana, <strong>Eduardo Piedrabuena<\/strong> en g\u00fciro, <strong>Lucas Bozcarol<\/strong> en teclados, <strong>Sergio Hergenreder<\/strong> en guitarra, <strong>Santiago Rold\u00e1n<\/strong> en bajo, <strong>Fabio Escala<\/strong> en acorde\u00f3n, <strong>Ezequiel Fasano<\/strong> en animaci\u00f3n y coros, y <strong>Pablo Z\u00e1rate<\/strong> como voz l\u00edder.<\/p>\n<p>Su presentaci\u00f3n promete un espect\u00e1culo en\u00e9rgico y fiel al esp\u00edritu popular del g\u00e9nero, con un ritmo que invita a bailar sin parar.<\/p>\n<h3 id=\"ponele-cumbia-frescura-y-ritmos-bailables\">Ponele Cumbia: frescura y ritmos bailables<\/h3>\n<p><strong>Ponele Cumbia<\/strong>, banda rafaelina de <strong>cumbia santafesina<\/strong> formada en agosto de 2025, integra a <strong>Mat\u00edas Herrera<\/strong> en timbal, <strong>Eric Meschller<\/strong> en voz principal, <strong>Fernando Soria<\/strong> en teclado y coros, <strong>Carlos Palmero<\/strong> en acorde\u00f3n y coros, <strong>V\u00edctor Herrera<\/strong> en bajo, <strong>Emanuel Pandolfi<\/strong> en octapad y <strong>Ayrton Alderete<\/strong> en g\u00fciro.<\/p>\n<p>Influenciados por varios g\u00e9neros, reversionan sonidos al comp\u00e1s de la cumbia santafesina, armando un repertorio festivo y bailable que mantiene al p\u00fablico en movimiento constante.<\/p>\n<h2 id=\"por-qu\u00e9-no-te-pod\u00e9s-perder-esta-noche-de-cumbia-en-rafaela\">Por qu\u00e9 no te pod\u00e9s perder esta noche de cumbia en Rafaela<\/h2>\n<p>La <strong>Gran noche de cumbia<\/strong> en el <strong>Anfiteatro Alfredo Williner<\/strong> no es solo un concierto: es el puntapi\u00e9 inicial de un verano lleno de cultura, m\u00fasica y encuentros comunitarios. Con bandas locales consolidadas, academias de baile din\u00e1micas y una organizaci\u00f3n impecable, este s\u00e1bado 31 de enero desde las 20:30 se convertir\u00e1 en un hito para los amantes del ritmo tropical en Rafaela.<\/p>\n<p>El acceso libre y gratuito, sumado a la posibilidad de cantina y planes alternos por clima, asegura que todos puedan sumarse. <strong>Verano Juntos 2026<\/strong> arranca con todo, celebrando la vitalidad de la <strong>cumbia santafesina<\/strong> y la diversidad cultural de la ciudad.<\/p>\n<p><strong>Tags: noche de cumbia Rafaela, Verano Juntos 2026, Anfiteatro Alfredo Williner, Ponele Cumbia, Los Aut\u00e9nticos Rafaela, Cumbia Brava, academias de baile Rafaela, cumbia santafesina, eventos gratuitos Rafaela, programaci\u00f3n cultural verano.<\/strong><\/p>\n","protected":false},"excerpt":{"rendered":"<p>Gran noche de cumbia en Rafaela: s\u00e1bado imperdible Rafaela se prepara para una noche de<\/p>\n","protected":false},"author":1,"featured_media":4132,"comment_status":"","ping_status":"","sticky":false,"template":"","format":"standard","meta":{"footnotes":""},"categories":[19],"tags":[143,243,40,139,28,71,45,180,113,34,73],"class_list":["post-4133","post","type-post","status-publish","format-standard","has-post-thumbnail","hentry","category-sociedad","tag-bienestar-personal","tag-capacitacion","tag-epe","tag-gobernador","tag-politica","tag-pullaro","tag-rafaela","tag-region","tag-salud","tag-santa-fe","tag-viotti"],"_links":{"self":[{"href":"https:\/\/rafaeladigital.com\/noticias\/wp-json\/wp\/v2\/posts\/4133","targetHints":{"allow":["GET"]}}],"collection":[{"href":"https:\/\/rafaeladigital.com\/noticias\/wp-json\/wp\/v2\/posts"}],"about":[{"href":"https:\/\/rafaeladigital.com\/noticias\/wp-json\/wp\/v2\/types\/post"}],"author":[{"embeddable":true,"href":"https:\/\/rafaeladigital.com\/noticias\/wp-json\/wp\/v2\/users\/1"}],"replies":[{"embeddable":true,"href":"https:\/\/rafaeladigital.com\/noticias\/wp-json\/wp\/v2\/comments?post=4133"}],"version-history":[{"count":0,"href":"https:\/\/rafaeladigital.com\/noticias\/wp-json\/wp\/v2\/posts\/4133\/revisions"}],"wp:featuredmedia":[{"embeddable":true,"href":"https:\/\/rafaeladigital.com\/noticias\/wp-json\/wp\/v2\/media\/4132"}],"wp:attachment":[{"href":"https:\/\/rafaeladigital.com\/noticias\/wp-json\/wp\/v2\/media?parent=4133"}],"wp:term":[{"taxonomy":"category","embeddable":true,"href":"https:\/\/rafaeladigital.com\/noticias\/wp-json\/wp\/v2\/categories?post=4133"},{"taxonomy":"post_tag","embeddable":true,"href":"https:\/\/rafaeladigital.com\/noticias\/wp-json\/wp\/v2\/tags?post=4133"}],"curies":[{"name":"wp","href":"https:\/\/api.w.org\/{rel}","templated":true}]}}